{"id":239257,"date":"2026-09-04T18:51:00","date_gmt":"2026-09-04T23:51:00","guid":{"rendered":"https:\/\/ernestojerardo.com\/?p=239257"},"modified":"2026-09-05T12:55:31","modified_gmt":"2026-09-05T17:55:31","slug":"av-larco-el-musical-lanza-concurso-para-descubrir-a-las-nuevas-bandas-y-talentos","status":"publish","type":"post","link":"https:\/\/ernestojerardo.com\/index.php\/2026\/09\/04\/av-larco-el-musical-lanza-concurso-para-descubrir-a-las-nuevas-bandas-y-talentos\/","title":{"rendered":"\u201cAv. Larco El Musical\u201d lanza concurso para descubrir a las nuevas bandas y talentos"},"content":{"rendered":"\n<p class=\"wp-block-paragraph\"><strong>EL ROCK PERUANO BUSCA A SUS NUEVAS VOCES.<\/strong><strong><\/strong><\/p>\n\n\n\n<p class=\"wp-block-paragraph\"><strong>La convocatoria estar\u00e1 abierta hasta el 9 de setiembre y las bandas seleccionadas se presentar\u00e1n en MegaPlaza y Minka con la participaci\u00f3n de Giovanni Ciccia y el elenco del musical.<\/strong><\/p>\n\n\n\n<p class=\"wp-block-paragraph\">El rock peruano vuelve a ser el protagonista. A pocas semanas del esperado regreso de \u201cAv. Larco El Musical\u201d, la producci\u00f3n de la obra lanza una convocatoria dirigida a las nuevas bandas de rock del pa\u00eds con el objetivo de descubrir, visibilizar y darle presencia al nuevo talento del rock nacional.<\/p>\n\n\n\n<p class=\"wp-block-paragraph\">La convocatoria estar\u00e1 abierta hasta el mi\u00e9rcoles 9 de septiembre y busca reunir a bandas emergentes que quieran mostrar su propuesta y ser parte de esta celebraci\u00f3n de la m\u00fasica peruana. Los resultados se anunciar\u00e1n el jueves 10 de septiembre, cuando se conocer\u00e1n las agrupaciones seleccionadas para participar en las dos jornadas de presentaci\u00f3n.<\/p>\n\n\n\n<p class=\"wp-block-paragraph\">Las bandas elegidas tendr\u00e1n la oportunidad de presentarse en vivo ante el p\u00fablico en MegaPlaza, el s\u00e1bado 12 de septiembre, y Minka, el domingo 13 de septiembre. En cada una de estas fechas se seleccionar\u00e1 a una banda ganadora, que ser\u00e1 reconocida como parte de esta iniciativa que busca conectar la historia del rock peruano con las nuevas generaciones de m\u00fasicos.<\/p>\n\n\n\n<p class=\"wp-block-paragraph\">Las presentaciones contar\u00e1n adem\u00e1s con la presencia de Giovanni Ciccia, director general de \u201cAv. Larco El Musical\u201d, y parte del elenco de la nueva temporada, quienes acompa\u00f1ar\u00e1n de cerca esta b\u00fasqueda de nuevos talentos.<\/p>\n\n\n\n<p class=\"wp-block-paragraph\">\u201cAv. Larco\u201d naci\u00f3 como un homenaje a una generaci\u00f3n que encontr\u00f3 en el rock una manera de contar sus historias, sus sue\u00f1os, sus amores y tambi\u00e9n sus desencuentros. Hoy, 11 a\u00f1os despu\u00e9s de su estreno original, el musical regresa a los escenarios para reencontrarse con el p\u00fablico y, al mismo tiempo, mirar hacia adelante y abrir espacio a quienes est\u00e1n construyendo el futuro del rock peruano.<\/p>\n\n\n\n<p class=\"wp-block-paragraph\">Con m\u00e1s de 42 mil espectadores y dos temporadas exitosas, \u201cAv. Larco El Musical\u201d,&nbsp;se convirti\u00f3 en uno de los musicales peruanos m\u00e1s vistos de su generaci\u00f3n. La historia de un grupo de j\u00f3venes que busca su lugar en el mundo est\u00e1 acompa\u00f1ada por canciones emblem\u00e1ticas de artistas y bandas como Pedro Su\u00e1rez- V\u00e9rtiz, Arena Hash, La Liga del Sue\u00f1o, Fr\u00e1gil, entre otros grandes referentes del rock nacional.<\/p>\n\n\n\n<p class=\"wp-block-paragraph\">Ahora, la m\u00fasica que marc\u00f3 a una generaci\u00f3n busca encontrarse con las bandas que representan a la siguiente. La nueva temporada de \u201cAv. Larco El Musical\u201d se presentar\u00e1 en La C\u00fapula de las Artes, del jueves 15 de octubre al domingo 29 de noviembre de 2026, con funciones\u00a0los\u00a0jueves, viernes y s\u00e1bados a las 8:00 p.m. y domingos a las 7:00 p.m. Las entradas ya est\u00e1n disponibles en Teleticket.<\/p>\n\n\n\n<p class=\"wp-block-paragraph\"><strong>FECHAS IMPORTANTES DE LA CONVOCATORIA.<\/strong><\/p>\n\n\n\n<p class=\"wp-block-paragraph\">Mi\u00e9rcoles 9 de septiembre: Cierre de convocatoria.<\/p>\n\n\n\n<p class=\"wp-block-paragraph\">Jueves 10 de septiembre: Anuncio de las bandas seleccionadas.<\/p>\n\n\n\n<p class=\"wp-block-paragraph\">S\u00e1bado 12 de septiembre: Presentaci\u00f3n en MegaPlaza.<\/p>\n\n\n\n<p class=\"wp-block-paragraph\">Domingo 13 de septiembre: Presentaci\u00f3n en Minka.<\/p>\n\n\n\n<p class=\"wp-block-paragraph\">Una banda ser\u00e1 seleccionada en cada fecha.<\/p>\n","protected":false},"excerpt":{"rendered":"<p>EL ROCK PERUANO BUSCA A SUS NUEVAS VOCES. La convocatoria estar\u00e1 abierta hasta el 9 de setiembre y las bandas seleccionadas se presentar\u00e1n en MegaPlaza y Minka con la participaci\u00f3n de Giovanni Ciccia y el elenco del musical. El rock peruano vuelve a ser el protagonista. A pocas semanas del esperado regreso de \u201cAv. Larco [&hellip;]<\/p>\n","protected":false},"author":1,"featured_media":239258,"comment_status":"open","ping_status":"open","sticky":false,"template":"","format":"standard","meta":{"footnotes":""},"categories":[72,80,88],"tags":[11425,11427,4785,11426,11428,11429,11424,10777],"class_list":["post-239257","post","type-post","status-publish","format-standard","has-post-thumbnail","hentry","category-cultural","category-musica","category-teatro","tag-arena-hash","tag-av-larco-el-musical-2","tag-descubrir","tag-la-liga-del-sueno","tag-lanza-concurso","tag-nuevas-bandas","tag-pedro-suarez-vertiz-2","tag-talentos"],"_links":{"self":[{"href":"https:\/\/ernestojerardo.com\/index.php\/wp-json\/wp\/v2\/posts\/239257","targetHints":{"allow":["GET"]}}],"collection":[{"href":"https:\/\/ernestojerardo.com\/index.php\/wp-json\/wp\/v2\/posts"}],"about":[{"href":"https:\/\/ernestojerardo.com\/index.php\/wp-json\/wp\/v2\/types\/post"}],"author":[{"embeddable":true,"href":"https:\/\/ernestojerardo.com\/index.php\/wp-json\/wp\/v2\/users\/1"}],"replies":[{"embeddable":true,"href":"https:\/\/ernestojerardo.com\/index.php\/wp-json\/wp\/v2\/comments?post=239257"}],"version-history":[{"count":1,"href":"https:\/\/ernestojerardo.com\/index.php\/wp-json\/wp\/v2\/posts\/239257\/revisions"}],"predecessor-version":[{"id":239259,"href":"https:\/\/ernestojerardo.com\/index.php\/wp-json\/wp\/v2\/posts\/239257\/revisions\/239259"}],"wp:featuredmedia":[{"embeddable":true,"href":"https:\/\/ernestojerardo.com\/index.php\/wp-json\/wp\/v2\/media\/239258"}],"wp:attachment":[{"href":"https:\/\/ernestojerardo.com\/index.php\/wp-json\/wp\/v2\/media?parent=239257"}],"wp:term":[{"taxonomy":"category","embeddable":true,"href":"https:\/\/ernestojerardo.com\/index.php\/wp-json\/wp\/v2\/categories?post=239257"},{"taxonomy":"post_tag","embeddable":true,"href":"https:\/\/ernestojerardo.com\/index.php\/wp-json\/wp\/v2\/tags?post=239257"}],"curies":[{"name":"wp","href":"https:\/\/api.w.org\/{rel}","templated":true}]}}