{"id":239251,"date":"2026-09-04T17:22:00","date_gmt":"2026-09-04T22:22:00","guid":{"rendered":"https:\/\/ernestojerardo.com\/?p=239251"},"modified":"2026-09-05T12:30:25","modified_gmt":"2026-09-05T17:30:25","slug":"manongo-mujica-lleva-a-escena-el-percusionista-ciego-inspirado-en-un-cuento-de-omar-aramayo","status":"publish","type":"post","link":"https:\/\/ernestojerardo.com\/index.php\/2026\/09\/04\/manongo-mujica-lleva-a-escena-el-percusionista-ciego-inspirado-en-un-cuento-de-omar-aramayo\/","title":{"rendered":"Manongo Mujica lleva a escena \u201cEl Percusionista Ciego\u201d, inspirado en un cuento de Omar Aramayo"},"content":{"rendered":"\n<p class=\"wp-block-paragraph\"><strong>Teatro, percusi\u00f3n en vivo, literatura y paisaje sonoro convergen en este proyecto que comienza el viernes 2 de octubre con la presentaci\u00f3n de una edici\u00f3n especial de&nbsp;\u201cEl descubrimiento de Oriana\u201d, en castellano, ingl\u00e9s y quechua, y contin\u00faa con cuatro funciones en la&nbsp;Alianza Francesa de Lima<\/strong><strong><\/strong><\/p>\n\n\n\n<p class=\"wp-block-paragraph\">\u00bfQu\u00e9 sucede cuando el mundo que conocemos empieza a sonar de otra manera? Esa pregunta atraviesa&nbsp;<strong>\u201cEl Percusionista Ciego\u201d<\/strong>,&nbsp;una propuesta esc\u00e9nico- musical,&nbsp;inspirada en el cuento&nbsp;<strong>\u201cEl descubrimiento de Oriana\u201d<\/strong>, del escritor pune\u00f1o&nbsp;<strong>Omar Aramayo.&nbsp;<\/strong>La obra se presentar\u00e1 en cuatro funciones, los d\u00edas&nbsp;martes <strong>6, mi\u00e9rcoles 7, lunes 12 y martes 13 de octubre<\/strong>, en la&nbsp;<strong>Sala Lumi\u00e8re de la Alianza Francesa de Lima<\/strong>, sede Miraflores. Las entradas ya est\u00e1n a la venta en&nbsp;Joinnus.com<\/p>\n\n\n\n<p class=\"wp-block-paragraph\"><strong>Una experiencia esc\u00e9nica para escuchar con todo el cuerpo.<\/strong>&nbsp;Esa es la premisa de una propuesta que nace de una idea creativa del reconocido percusionista&nbsp;<strong>Manongo Mujica<\/strong>&nbsp;y presenta la historia de un m\u00fasico que ha aprendido a orientarse a trav\u00e9s del sonido y a establecer una particular relaci\u00f3n con el mar mediante sus instrumentos. La aparici\u00f3n de una presencia inesperada altera el ritmo de su universo y despierta en \u00e9l algo que nunca antes hab\u00eda escuchado.<\/p>\n\n\n\n<p class=\"wp-block-paragraph\">Con direcci\u00f3n esc\u00e9nica y dramaturgia de&nbsp;<strong>Lucho Ram\u00edrez<\/strong>, la obra propone que el sonido deje de ser \u00fanicamente un acompa\u00f1amiento para convertirse en uno de sus principales elementos narrativos. Premio a la Trayectoria Teatral 2025 del Ministerio de Cultura e integrante de la primera generaci\u00f3n de Cuatrotablas, Ram\u00edrez ha desarrollado una extensa carrera como actor, director y narrador oral esc\u00e9nico, explorando el cruce entre actuaci\u00f3n, cuerpo, narraci\u00f3n, danza y m\u00fasica.<\/p>\n\n\n\n<p class=\"wp-block-paragraph\">La m\u00fasica y el paisaje sonoro est\u00e1n a cargo de&nbsp;<strong>Manongo Mujica,&nbsp;<\/strong>mientras que el elenco est\u00e1 integrado por&nbsp;<strong>Lucho Ram\u00edrez<\/strong>,&nbsp;<strong>Gabriel Mujica<\/strong>&nbsp;y&nbsp;<strong>Lina Fuentes<\/strong>.<\/p>\n\n\n\n<p class=\"wp-block-paragraph\"><strong>Un libro- objeto entre literatura, imagen y sonido.<\/strong><\/p>\n\n\n\n<p class=\"wp-block-paragraph\">El proyecto tendr\u00e1 un primer encuentro con el p\u00fablico, el viernes 2 de octubre, a las 7 p.m., con la presentaci\u00f3n de una edici\u00f3n especial de&nbsp;<strong>\u201cEl descubrimiento de Oriana\u201d&nbsp;<\/strong>en la&nbsp;<strong>Alianza Francesa de Lima<\/strong>. El ingreso ser\u00e1 libre.<\/p>\n\n\n\n<p class=\"wp-block-paragraph\">Editada por&nbsp;<strong>Arturo Higa<\/strong>, la publicaci\u00f3n presenta el cuento de&nbsp;<strong>Omar Aramayo<\/strong>&nbsp;en castellano, ingl\u00e9s y quechua, acompa\u00f1ado por ilustraciones originales de&nbsp;<strong>Gabriel Mujica<\/strong>. El volumen incorpora adem\u00e1s un c\u00f3digo&nbsp;<strong>QR<\/strong>&nbsp;que permitir\u00e1 acceder al disco de&nbsp;<strong>\u201cEl Percusionista Ciego\u201d<\/strong>, extendiendo la experiencia de lectura hacia el terreno sonoro.<\/p>\n\n\n\n<p class=\"wp-block-paragraph\">Concebida como una publicaci\u00f3n art\u00edstica cercana al&nbsp;<strong>libro-objeto<\/strong>, la edici\u00f3n extiende la experiencia del proyecto m\u00e1s all\u00e1 del escenario y propone otra forma de aproximarse a su universo a trav\u00e9s de la palabra, la imagen y el sonido.<\/p>\n\n\n\n<p class=\"wp-block-paragraph\"><strong>ENT\u00c9RATE!!!<\/strong><\/p>\n\n\n\n<p class=\"wp-block-paragraph\"><strong>Presentaci\u00f3n de la edici\u00f3n especial de \u201cEl descubrimiento de Oriana\u201d.<br><\/strong>Fecha: Viernes 2 de octubre.<br>Hora: 7:00 p.m.<br>Lugar: Alianza Francesa de Lima,&nbsp;<a href=\"https:\/\/www.google.com\/maps\/search\/Av.+Arequipa+4595,+Miraflores?entry=gmail&amp;source=g\">Av. Arequipa 4595, Miraflores<\/a>.<br>Ingreso: Libre.<\/p>\n\n\n\n<p class=\"wp-block-paragraph\"><strong>Funciones de \u201cEl Percusionista Ciego\u201d.<br><\/strong>Fechas: Martes 6, mi\u00e9rcoles 7, lunes 12 y martes 13 de octubre.<br>Hora: 8:00 p. m.<br>Lugar: Sala Lumi\u00e8re \u2013 Alianza Francesa de Lima,&nbsp;<a href=\"https:\/\/www.google.com\/maps\/search\/Av.+Arequipa+4595,+Miraflores?entry=gmail&amp;source=g\">Av. Arequipa 4595, Miraflores<\/a>.<br>Duraci\u00f3n: 70 minutos.<br>P\u00fablico: adultos y j\u00f3venes adultos.<br>Entradas en Joinnus.com<\/p>\n\n\n\n<figure class=\"wp-block-embed\"><div class=\"wp-block-embed__wrapper\">\nhttps:\/\/www.joinnus.com\/events\/theater\/lima-el-percussionista-ciego-78217\n<\/div><\/figure>\n\n\n\n<p class=\"wp-block-paragraph\"><strong>FICHA ART\u00cdSTICA.<\/strong><\/p>\n\n\n\n<p class=\"wp-block-paragraph\">Idea creativa: Manongo Mujica.<br>Inspirada en: \u201cEl descubrimiento de Oriana\u201d, de Omar Aramayo.<br>Direcci\u00f3n esc\u00e9nica y dramaturgia: Lucho Ram\u00edrez.<br>M\u00fasica y paisaje sonoro: Manongo Mujica y Terje Evensen.<br>Elenco: Lucho Ram\u00edrez, Gabriel Mujica y Lina Fuentes.<br>Dise\u00f1o sonoro: Juan Jos\u00e9 Salazar.<br>Audiovisual: V\u00edctor Checa.<br>Producci\u00f3n: Arabela Bartra.<\/p>\n\n\n\n<p class=\"wp-block-paragraph\"><strong>PUBLICACI\u00d3N.<\/strong><\/p>\n\n\n\n<p class=\"wp-block-paragraph\">Texto: Omar Aramayo.<br>Edici\u00f3n: Arturo Higa.<br>Ilustraciones: Gabriel Mujica.<br>Idiomas: castellano, ingl\u00e9s y quechua.<br>Contenido sonoro: acceso al disco de \u201cEl Percusionista Ciego\u201d mediante c\u00f3digo QR.<\/p>\n","protected":false},"excerpt":{"rendered":"<p>Teatro, percusi\u00f3n en vivo, literatura y paisaje sonoro convergen en este proyecto que comienza el viernes 2 de octubre con la presentaci\u00f3n de una edici\u00f3n especial de&nbsp;\u201cEl descubrimiento de Oriana\u201d, en castellano, ingl\u00e9s y quechua, y contin\u00faa con cuatro funciones en la&nbsp;Alianza Francesa de Lima \u00bfQu\u00e9 sucede cuando el mundo que conocemos empieza a sonar [&hellip;]<\/p>\n","protected":false},"author":1,"featured_media":239252,"comment_status":"open","ping_status":"open","sticky":false,"template":"","format":"standard","meta":{"footnotes":""},"categories":[68,72,80,88],"tags":[11418,11411,621,11414,11412,11416,11417],"class_list":["post-239251","post","type-post","status-publish","format-standard","has-post-thumbnail","hentry","category-avant-premiere","category-cultural","category-musica","category-teatro","tag-el-descubrimiento-de-oriana","tag-el-percusionista-ciego","tag-en-vivo","tag-inspirado","tag-manongo-mujica","tag-omar-aramayo","tag-percusion"],"_links":{"self":[{"href":"https:\/\/ernestojerardo.com\/index.php\/wp-json\/wp\/v2\/posts\/239251","targetHints":{"allow":["GET"]}}],"collection":[{"href":"https:\/\/ernestojerardo.com\/index.php\/wp-json\/wp\/v2\/posts"}],"about":[{"href":"https:\/\/ernestojerardo.com\/index.php\/wp-json\/wp\/v2\/types\/post"}],"author":[{"embeddable":true,"href":"https:\/\/ernestojerardo.com\/index.php\/wp-json\/wp\/v2\/users\/1"}],"replies":[{"embeddable":true,"href":"https:\/\/ernestojerardo.com\/index.php\/wp-json\/wp\/v2\/comments?post=239251"}],"version-history":[{"count":1,"href":"https:\/\/ernestojerardo.com\/index.php\/wp-json\/wp\/v2\/posts\/239251\/revisions"}],"predecessor-version":[{"id":239253,"href":"https:\/\/ernestojerardo.com\/index.php\/wp-json\/wp\/v2\/posts\/239251\/revisions\/239253"}],"wp:featuredmedia":[{"embeddable":true,"href":"https:\/\/ernestojerardo.com\/index.php\/wp-json\/wp\/v2\/media\/239252"}],"wp:attachment":[{"href":"https:\/\/ernestojerardo.com\/index.php\/wp-json\/wp\/v2\/media?parent=239251"}],"wp:term":[{"taxonomy":"category","embeddable":true,"href":"https:\/\/ernestojerardo.com\/index.php\/wp-json\/wp\/v2\/categories?post=239251"},{"taxonomy":"post_tag","embeddable":true,"href":"https:\/\/ernestojerardo.com\/index.php\/wp-json\/wp\/v2\/tags?post=239251"}],"curies":[{"name":"wp","href":"https:\/\/api.w.org\/{rel}","templated":true}]}}