{"id":239248,"date":"2026-09-04T17:11:00","date_gmt":"2026-09-04T22:11:00","guid":{"rendered":"https:\/\/ernestojerardo.com\/?p=239248"},"modified":"2026-09-05T12:19:58","modified_gmt":"2026-09-05T17:19:58","slug":"el-cine-del-centro-cultural-pucp-presenta-su-cartelera-de-septiembre","status":"publish","type":"post","link":"https:\/\/ernestojerardo.com\/index.php\/2026\/09\/04\/el-cine-del-centro-cultural-pucp-presenta-su-cartelera-de-septiembre\/","title":{"rendered":"El Cine del Centro Cultural PUCP presenta su cartelera de septiembre"},"content":{"rendered":"\n<figure class=\"wp-block-table\"><table class=\"has-fixed-layout\"><tbody><tr><td><br><br>\u00a0<\/td><\/tr><tr><td><strong>Con 14 pel\u00edculas peruanas e internacionales.<\/strong> \u00a0 <br><br>El Centro Cultural de la Pontificia Universidad Cat\u00f3lica del Per\u00fa presenta su cartelera de cine, disponible hasta el martes 29 de septiembre en la sala azul de su sede en\u00a0<a href=\"https:\/\/www.google.com\/maps\/search\/avenida+Camino+Real+1075.+San+Isidro?entry=gmail&amp;source=g\">avenida Camino Real 1075. San Isidro<\/a>.<br>\u00a0<br>La programaci\u00f3n se divide en dos secciones. Una secci\u00f3n internacional con 9 pel\u00edculas recientes de China, M\u00e9xico, Espa\u00f1a, Estados Unidos, Alemania y Chile que incluye grandes estrenos y t\u00edtulos galardonados. <br><br>As\u00ed como una secci\u00f3n de Hecho en el Per\u00fa, con 5 pel\u00edculas nacionales, entre ficci\u00f3n y documentales, que llegan a cartelera despu\u00e9s de su paso por distintos festivales internacionales. El p\u00fablico interesado puede encontrar ya las entradas a la venta en\u00a0<a href=\"https:\/\/us.list-manage.com\/DVw8JIVs9sG?e=229c27c534&amp;c2id=f630666d9716ad1499c919889b202cff\" target=\"_blank\" rel=\"noopener\">ccpucpencasa.com<\/a>\u00a0y en la boleter\u00eda del CCPUCP de lunes a domingo de 3:00 a 9:00 p.m.<br><br><strong>Pel\u00edculas:\u00a0<br>&#8211; Internacionales\u00a0<\/strong><br>Resurrection | Dir. Bi Gan.<br>Moscas | Dir.\u00a0Fernando Eimbcke.<br>Adolescencia, sexo y muerte en Campamento Miasma | Dir.\u00a0Jane Schoenbrun.<br>El sonido al caer |\u00a0<strong>Dir.\u00a0<\/strong>Mascha Schilinski.<br>La negociaci\u00f3n | Dir.\u00a0Gus Van Sant.<br>La invitaci\u00f3n | Dir.\u00a0Olivia Wilde.<br>Romer\u00eda | Dir.\u00a0Carla Sim\u00f3n.<br>Los domingos | Dir. Alauda Ruiz de Az\u00faa.<br><br><strong>&#8211; Hecho en el Per\u00fa<\/strong><br>Vino la noche | Dir. Paolo Tiz\u00f3n.<br>\u00c1lbum de familia | Dir. Joel Calero.<br>Di\u00f3genes | Dir.\u00a0Leonardo Barbuy La Torre.<br>Uchpa, la pel\u00edcula | Dir.\u00a0Antonio Rodr\u00edguez Roman\u00ed.<br>Flor Pucarina, rebelde hasta los huesos | Dir.\u00a0Geraldine Zuasnabar Ravelo.<\/td><\/tr><\/tbody><\/table><\/figure>\n","protected":false},"excerpt":{"rendered":"<p>\u00a0 Con 14 pel\u00edculas peruanas e internacionales. \u00a0 El Centro Cultural de la Pontificia Universidad Cat\u00f3lica del Per\u00fa presenta su cartelera de cine, disponible hasta el martes 29 de septiembre en la sala azul de su sede en\u00a0avenida Camino Real 1075. San Isidro.\u00a0La programaci\u00f3n se divide en dos secciones. Una secci\u00f3n internacional con 9 pel\u00edculas [&hellip;]<\/p>\n","protected":false},"author":1,"featured_media":239249,"comment_status":"open","ping_status":"open","sticky":false,"template":"","format":"standard","meta":{"footnotes":""},"categories":[70,72,93],"tags":[6325,11410,11320,479,551,7780,293,3817,184,1665,189],"class_list":["post-239248","post","type-post","status-publish","format-standard","has-post-thumbnail","hentry","category-cine","category-cultural","category-web","tag-alemania","tag-cartelera","tag-centro-cultural-pucp","tag-chile","tag-china","tag-cine","tag-espana","tag-estados-unidos","tag-martes","tag-mexico","tag-presenta"],"_links":{"self":[{"href":"https:\/\/ernestojerardo.com\/index.php\/wp-json\/wp\/v2\/posts\/239248","targetHints":{"allow":["GET"]}}],"collection":[{"href":"https:\/\/ernestojerardo.com\/index.php\/wp-json\/wp\/v2\/posts"}],"about":[{"href":"https:\/\/ernestojerardo.com\/index.php\/wp-json\/wp\/v2\/types\/post"}],"author":[{"embeddable":true,"href":"https:\/\/ernestojerardo.com\/index.php\/wp-json\/wp\/v2\/users\/1"}],"replies":[{"embeddable":true,"href":"https:\/\/ernestojerardo.com\/index.php\/wp-json\/wp\/v2\/comments?post=239248"}],"version-history":[{"count":1,"href":"https:\/\/ernestojerardo.com\/index.php\/wp-json\/wp\/v2\/posts\/239248\/revisions"}],"predecessor-version":[{"id":239250,"href":"https:\/\/ernestojerardo.com\/index.php\/wp-json\/wp\/v2\/posts\/239248\/revisions\/239250"}],"wp:featuredmedia":[{"embeddable":true,"href":"https:\/\/ernestojerardo.com\/index.php\/wp-json\/wp\/v2\/media\/239249"}],"wp:attachment":[{"href":"https:\/\/ernestojerardo.com\/index.php\/wp-json\/wp\/v2\/media?parent=239248"}],"wp:term":[{"taxonomy":"category","embeddable":true,"href":"https:\/\/ernestojerardo.com\/index.php\/wp-json\/wp\/v2\/categories?post=239248"},{"taxonomy":"post_tag","embeddable":true,"href":"https:\/\/ernestojerardo.com\/index.php\/wp-json\/wp\/v2\/tags?post=239248"}],"curies":[{"name":"wp","href":"https:\/\/api.w.org\/{rel}","templated":true}]}}