{"id":239245,"date":"2026-09-04T16:07:00","date_gmt":"2026-09-04T21:07:00","guid":{"rendered":"https:\/\/ernestojerardo.com\/?p=239245"},"modified":"2026-09-05T12:10:02","modified_gmt":"2026-09-05T17:10:02","slug":"andres-bula-lleva-el-sabor-de-cartagena-al-mundo-con-no-demores","status":"publish","type":"post","link":"https:\/\/ernestojerardo.com\/index.php\/2026\/09\/04\/andres-bula-lleva-el-sabor-de-cartagena-al-mundo-con-no-demores\/","title":{"rendered":"Andr\u00e9s Bula lleva el sabor de Cartagena al mundo con \u201cNo Demores\u201d"},"content":{"rendered":"\n<p class=\"wp-block-paragraph\"><strong>El artista cartagenero Andr\u00e9s Bula fue seleccionado entre m\u00e1s de 500 participantes para formar parte de \u201cLa Convocatoria\u201d, proyecto de On The Tracks junto al reconocido productor Vic G On The Track.<\/strong><\/p>\n\n\n\n<p class=\"wp-block-paragraph\">Desde Cartagena, Colombia,&nbsp;<strong>Andr\u00e9s Bula<\/strong>&nbsp;contin\u00faa construyendo una propuesta musical que conecta los sonidos urbanos con la esencia del Caribe. Su nuevo lanzamiento,&nbsp;<strong>\u201cNo Demores\u201d<\/strong>, fusiona&nbsp;<strong>afrobeat y reparto cubano<\/strong>&nbsp;en una producci\u00f3n creada y grabada en su ciudad natal.<\/p>\n\n\n\n<p class=\"wp-block-paragraph\">La canci\u00f3n forma parte del \u00e1lbum&nbsp;<strong>\u201cLa Convocatoria\u201d<\/strong>, proyecto desarrollado por la productora&nbsp;<strong>On The Tracks<\/strong>&nbsp;y liderado musicalmente por&nbsp;<strong>Vic G On The Track<\/strong>, referente y pionero del afrobeat en Colombia. Bula fue uno de los artistas seleccionados entre m\u00e1s de&nbsp;<strong>500 participantes<\/strong>&nbsp;que se postularon a trav\u00e9s de redes sociales.<\/p>\n\n\n\n<p class=\"wp-block-paragraph\">\u201cNo Demores\u201d explora una historia marcada por&nbsp;<strong>el deseo, la nostalgia y una conexi\u00f3n que se niega a desaparecer<\/strong>. La canci\u00f3n retrata el encuentro entre dos personas que, pese a saber que su historia no est\u00e1 destinada a durar, todav\u00eda sienten la necesidad de regresar a esa qu\u00edmica y dejarse llevar una noche m\u00e1s.<\/p>\n\n\n\n<p class=\"wp-block-paragraph\">Para Andr\u00e9s Bula, trabajar junto a Vic G representa un importante paso en su carrera. El productor es reconocido por impulsar el afrobeat en Colombia y por desarrollar un sonido con una marcada identidad de la&nbsp;<strong>costa Caribe colombiana<\/strong>.<\/p>\n\n\n\n<p class=\"wp-block-paragraph\">Con este lanzamiento, el artista cartagenero busca&nbsp;<strong>llegar a nuevas audiencias y consolidar una identidad sonora propia<\/strong>, combinando el afrobeat con el sabor caribe\u00f1o que caracteriza su propuesta. Adem\u00e1s, proyecta continuar colaborando con artistas y productores de impacto dentro de la industria musical.<\/p>\n\n\n\n<figure class=\"wp-block-embed is-type-video is-provider-youtube wp-block-embed-youtube wp-embed-aspect-16-9 wp-has-aspect-ratio\"><div class=\"wp-block-embed__wrapper\">\n<div class=\"jlvid_container \"><iframe title=\"No Demores - Andr\u00e9s Bula, Vic G On The Track | LA CONVOCATORIA\" width=\"1200\" height=\"675\" src=\"https:\/\/www.youtube.com\/embed\/epMgb8D8yTc?feature=oembed\" frameborder=\"0\" allow=\"accelerometer; autoplay; clipboard-write; encrypted-media; gyroscope; picture-in-picture; web-share\" referrerpolicy=\"strict-origin-when-cross-origin\" allowfullscreen><\/iframe><\/div>\n<\/div><\/figure>\n","protected":false},"excerpt":{"rendered":"<p>El artista cartagenero Andr\u00e9s Bula fue seleccionado entre m\u00e1s de 500 participantes para formar parte de \u201cLa Convocatoria\u201d, proyecto de On The Tracks junto al reconocido productor Vic G On The Track. Desde Cartagena, Colombia,&nbsp;Andr\u00e9s Bula&nbsp;contin\u00faa construyendo una propuesta musical que conecta los sonidos urbanos con la esencia del Caribe. Su nuevo lanzamiento,&nbsp;\u201cNo Demores\u201d, fusiona&nbsp;afrobeat [&hellip;]<\/p>\n","protected":false},"author":1,"featured_media":239246,"comment_status":"open","ping_status":"open","sticky":false,"template":"","format":"standard","meta":{"footnotes":""},"categories":[68,66,272],"tags":[11407,11408,251,1119,11409,4740],"class_list":["post-239245","post","type-post","status-publish","format-standard","has-post-thumbnail","hentry","category-avant-premiere","category-ciudad","category-video-clip","tag-andres-bula","tag-cartagena","tag-lleva","tag-mundo","tag-no-demores","tag-sabor"],"_links":{"self":[{"href":"https:\/\/ernestojerardo.com\/index.php\/wp-json\/wp\/v2\/posts\/239245","targetHints":{"allow":["GET"]}}],"collection":[{"href":"https:\/\/ernestojerardo.com\/index.php\/wp-json\/wp\/v2\/posts"}],"about":[{"href":"https:\/\/ernestojerardo.com\/index.php\/wp-json\/wp\/v2\/types\/post"}],"author":[{"embeddable":true,"href":"https:\/\/ernestojerardo.com\/index.php\/wp-json\/wp\/v2\/users\/1"}],"replies":[{"embeddable":true,"href":"https:\/\/ernestojerardo.com\/index.php\/wp-json\/wp\/v2\/comments?post=239245"}],"version-history":[{"count":1,"href":"https:\/\/ernestojerardo.com\/index.php\/wp-json\/wp\/v2\/posts\/239245\/revisions"}],"predecessor-version":[{"id":239247,"href":"https:\/\/ernestojerardo.com\/index.php\/wp-json\/wp\/v2\/posts\/239245\/revisions\/239247"}],"wp:featuredmedia":[{"embeddable":true,"href":"https:\/\/ernestojerardo.com\/index.php\/wp-json\/wp\/v2\/media\/239246"}],"wp:attachment":[{"href":"https:\/\/ernestojerardo.com\/index.php\/wp-json\/wp\/v2\/media?parent=239245"}],"wp:term":[{"taxonomy":"category","embeddable":true,"href":"https:\/\/ernestojerardo.com\/index.php\/wp-json\/wp\/v2\/categories?post=239245"},{"taxonomy":"post_tag","embeddable":true,"href":"https:\/\/ernestojerardo.com\/index.php\/wp-json\/wp\/v2\/tags?post=239245"}],"curies":[{"name":"wp","href":"https:\/\/api.w.org\/{rel}","templated":true}]}}