{"id":239224,"date":"2026-09-04T08:41:00","date_gmt":"2026-09-04T13:41:00","guid":{"rendered":"https:\/\/ernestojerardo.com\/?p=239224"},"modified":"2026-09-05T10:46:29","modified_gmt":"2026-09-05T15:46:29","slug":"mas-de-5000-entradas-vendidas-para-ver-annie-el-musical","status":"publish","type":"post","link":"https:\/\/ernestojerardo.com\/index.php\/2026\/09\/04\/mas-de-5000-entradas-vendidas-para-ver-annie-el-musical\/","title":{"rendered":"M\u00e1s de 5000 entradas vendidas para ver \u201cAnnie: El Musical\u201d"},"content":{"rendered":"\n<p class=\"wp-block-paragraph\"><strong>Anticipan el \u00e9xito del esperado musical, que llega este viernes 25 de septiembre al Teatro Municipal de Surco con Paul Martin, Rossana Fern\u00e1ndez- Maldonado, Natalia Salas, \u00cdtalo Maldonado y Arianna Fern\u00e1ndez, junto a 18 ni\u00f1as seleccionadas tras un exigente proceso de audiciones.<\/strong><\/p>\n\n\n\n<p class=\"wp-block-paragraph\"><strong>BAJO LA DIRECCI\u00d3N GENERAL DE BRUNO ASCENZO Y DENISSE DIBOS EN LA DIRECCI\u00d3N VOCAL.<\/strong><\/p>\n\n\n\n<p class=\"wp-block-paragraph\"><strong>DIRECCI\u00d3N COREOGR\u00c1FICA DE GAST\u00d3N CURBELO.<\/strong><\/p>\n\n\n\n<p class=\"wp-block-paragraph\">\u00b7&nbsp;&nbsp;&nbsp;&nbsp;&nbsp;&nbsp;<strong>Esta producci\u00f3n se presenta mediante un acuerdo de licencia con Music Theatre International (MTI).<\/strong><\/p>\n\n\n\n<p class=\"wp-block-paragraph\"><strong>Foto: Paulo G. Silva. &nbsp;<\/strong><\/p>\n\n\n\n<p class=\"wp-block-paragraph\">M\u00e1s de 5,000 entradas vendidas y una gran expectativa marcan la llegada de \u201cAnnie: El Musical\u201d a Lima. Ya no falta nada para su esperado estreno, que reunir\u00e1 en escena a grandes figuras del teatro musical peruano, un potente ensamble de artistas y 18 ni\u00f1as que asumir\u00e1n el desaf\u00edo de dar vida a Annie y al universo de uno de los musicales m\u00e1s queridos de Broadway.<\/p>\n\n\n\n<p class=\"wp-block-paragraph\">La nueva producci\u00f3n de Preludio Asociaci\u00f3n Cultural se estrenar\u00e1 el viernes 25 de septiembre en el Teatro Municipal de Surco, llevando al escenario una historia que, casi cinco d\u00e9cadas despu\u00e9s de su estreno en Broadway, contin\u00faa emocionando y conquistando a nuevas generaciones.<\/p>\n\n\n\n<p class=\"wp-block-paragraph\"><strong>18 NI\u00d1AS, DOS ELENCOS Y UN MISMO SUE\u00d1O.<\/strong><\/p>\n\n\n\n<p class=\"wp-block-paragraph\">Uno de los grandes atractivos de esta producci\u00f3n est\u00e1 detr\u00e1s de la historia que veremos sobre el escenario: 18 peque\u00f1as artistas fueron seleccionadas luego de un exigente proceso de audiciones abiertas, que convoc\u00f3 a decenas de ni\u00f1as de distintos puntos de Lima.<\/p>\n\n\n\n<p class=\"wp-block-paragraph\"><strong>Todas llegaron con un sue\u00f1o en com\u00fan: Formar parte de un gran musical.<\/strong><\/p>\n\n\n\n<p class=\"wp-block-paragraph\">Despu\u00e9s de pasar por un proceso de selecci\u00f3n que evalu\u00f3 talento, sensibilidad, compromiso y capacidad interpretativa, las 18 fueron elegidas para integrar la producci\u00f3n y continuar su formaci\u00f3n dentro del mundo del teatro musical. Para garantizar el desarrollo de la temporada, las ni\u00f1as estar\u00e1n divididas en dos elencos que se alternar\u00e1n en las funciones.<\/p>\n\n\n\n<p class=\"wp-block-paragraph\">El Elenco Rojo est\u00e1 integrado por Almudena Guzm\u00e1n, Anna Sprinckmoller, Cayetana Vivar, Celeste Ghezzi, Julieta Lavado, Megan Yen, Saskia Cabezas, Valentina Dib\u00f3s y Valentina Jim\u00e9nez.<\/p>\n\n\n\n<p class=\"wp-block-paragraph\">El Elenco Blanco est\u00e1 conformado por Alenka Korytkowski, Almudena Mendoza, Audrey Aita, Dom\u00e9nica Pic\u00f3n, Emma Manrique, G\u00eda Pinto, Kaela D&#8217;Onofrio, Leandra N\u00fa\u00f1ez y Narelle Casabonne.<\/p>\n\n\n\n<p class=\"wp-block-paragraph\">Para ellas, ser parte de \u201cAnnie\u201d representa mucho m\u00e1s que subir a un escenario. Es el inicio de una experiencia profesional en una gran producci\u00f3n de teatro musical, compartiendo escena con reconocidos artistas y trabajando bajo la direcci\u00f3n de un destacado equipo creativo.<\/p>\n\n\n\n<p class=\"wp-block-paragraph\"><strong>UNA HISTORIA DE ESPERANZA QUE VUELVE A BRILLAR.<\/strong><\/p>\n\n\n\n<p class=\"wp-block-paragraph\">El elenco principal est\u00e1 encabezado por Paul Martin, Rossana Fern\u00e1ndez-Maldonado, Natalia Salas, \u00cdtalo Maldonado y Arianna Fern\u00e1ndez, quienes dar\u00e1n vida a algunos de los personajes m\u00e1s entra\u00f1ables de esta historia.<\/p>\n\n\n\n<p class=\"wp-block-paragraph\">A ellos se suma un ensamble de teatro musical integrado por Alejandra Egoavil, Alejandro Melgar, Carla Rodr\u00edguez, Daniela Bedoya, Luisen Arce Alb\u00e1n, Macarena Goglino, Manu Rodr\u00edguez, Mar\u00eda Jos\u00e9 Pajares, Pamela Valdivia, Ra\u00fal Romero, Salvina Shirin, Stephany Iriarte y Thiago Mendoza Masalias. La producci\u00f3n cuenta con la direcci\u00f3n general de Bruno Ascenzo y Denisse Dib\u00f3s, la direcci\u00f3n coreogr\u00e1fica de Gast\u00f3n Curbelo y la direcci\u00f3n vocal de Denisse Dib\u00f3s.<\/p>\n\n\n\n<p class=\"wp-block-paragraph\">El resultado promete ser una puesta en escena de gran despliegue, con m\u00fasica, actuaci\u00f3n, canto y coreograf\u00edas para contar una historia que tiene como protagonista a una ni\u00f1a que, pese a las dificultades, se niega a dejar de creer que el ma\u00f1ana puede ser mejor.<\/p>\n\n\n\n<p class=\"wp-block-paragraph\"><strong>\u00a1ENCONTRAMOS A SANDY!<\/strong><\/p>\n\n\n\n<p class=\"wp-block-paragraph\">La b\u00fasqueda de uno de los personajes m\u00e1s queridos de&nbsp;\u201cAnnie: El musical\u201d&nbsp;lleg\u00f3 a su fin. La producci\u00f3n realiz\u00f3 un casting abierto para encontrar a Sandy, el adorable perro que acompa\u00f1a a Annie y que se ha convertido en un personaje inolvidable de esta historia.<\/p>\n\n\n\n<p class=\"wp-block-paragraph\">Tras las audiciones, cuatro perritos fueron seleccionados para asumir este gran reto y ya se encuentran prepar\u00e1ndose para subir al escenario junto al elenco de\u00a0Annie. Los peque\u00f1os artistas de cuatro patas vienen trabajando con personal especializado en adiestramiento, en un proceso que busca que se adapten a las luces, la m\u00fasica, el escenario y al trabajo junto a los actores.<\/p>\n\n\n\n<p class=\"wp-block-paragraph\">As\u00ed, Sandy tambi\u00e9n se prepara para convertirse en una de las grandes sorpresas de esta producci\u00f3n, que promete conquistar al p\u00fablico con m\u00fasica, talento, ternura y mucha emoci\u00f3n para disfrutar en familia.<\/p>\n\n\n\n<p class=\"wp-block-paragraph\"><strong>\u201cTOMORROW\u201d: LA CANCI\u00d3N QUE SE CONVIRTI\u00d3 EN UN HIMNO.<\/strong><\/p>\n\n\n\n<p class=\"wp-block-paragraph\">Estrenado en Broadway en 1977 y basado en la historieta&nbsp;Little Orphan Annie, \u201cAnnie\u201d se convirti\u00f3 r\u00e1pidamente en un fen\u00f3meno mundial. Ambientada en el Nueva York de los a\u00f1os treinta, la historia sigue a Annie, una ni\u00f1a hu\u00e9rfana que vive bajo el cuidado de la estricta Miss Hannigan y que mantiene intacta su esperanza de encontrar alg\u00fan d\u00eda a sus padres.<\/p>\n\n\n\n<p class=\"wp-block-paragraph\">Su vida cambia cuando aparece el multimillonario Oliver Warbucks, junto a Grace Farrell y el inseparable Sandy, dando inicio a una aventura en la que la amistad, la solidaridad y la familia se convierten en el verdadero tesoro.<\/p>\n\n\n\n<p class=\"wp-block-paragraph\">Y, por supuesto, est\u00e1 \u201cTomorrow\u201d (\u201cMa\u00f1ana\u201d), una de las canciones m\u00e1s reconocibles de la historia del teatro musical y el coraz\u00f3n de una obra que sigue conectando con el p\u00fablico generaci\u00f3n tras generaci\u00f3n.<\/p>\n\n\n\n<p class=\"wp-block-paragraph\"><strong>UN GRAN MUSICAL LLEGA A SURCO.<\/strong><\/p>\n\n\n\n<p class=\"wp-block-paragraph\">\u201cAnnie: el musical\u201d se presenta mediante un acuerdo de licencia con Music Theatre International (MTI) y cuenta con el auspicio de Scotiabank, Wong, Profuturo, Casaideas y Laritza, adem\u00e1s del apoyo en comunicaciones de Global V\u00eda P\u00fablica, El Comercio, COSAS, CRP y Ritmo Rom\u00e1ntica.<\/p>\n\n\n\n<p class=\"wp-block-paragraph\">La temporada comienza el viernes 25 de septiembre en el Teatro Municipal de Surco, ubicado en&nbsp;<a href=\"https:\/\/www.google.com\/maps\/search\/Calle+Sacramento+236?entry=gmail&amp;source=g\">Calle Sacramento 236<\/a>. El teatro cuenta con estacionamiento en&nbsp;<a href=\"https:\/\/www.google.com\/maps\/search\/Calle%0D%0ASacramento+278?entry=gmail&amp;source=g\">Calle Sacramento 278<\/a>. Las entradas ya se encuentran en preventa a trav\u00e9s de Teleticket, desde S\/ 41. \u201cAnnie: el musical\u201d est\u00e1 lista para recordarnos que, incluso en los momentos m\u00e1s dif\u00edciles, siempre hay razones para creer que\u2026 ma\u00f1ana ser\u00e1 mejor.<\/p>\n\n\n\n<p class=\"wp-block-paragraph\">\u201cAnnie: El musical\u201d&nbsp;se presenta mediante un acuerdo de licencia con Music Theatre International (MTI), y cuenta con el auspicio de Scotiabank, Wong, Profuturo, Casaideas y Laritza, adem\u00e1s del apoyo en comunicaciones de Global V\u00eda P\u00fablica, El Comercio, COSAS, CRP y Ritmo Rom\u00e1ntica.<\/p>\n\n\n\n<p class=\"wp-block-paragraph\"><strong>ENT\u00c9RATE!!!<\/strong><\/p>\n\n\n\n<p class=\"wp-block-paragraph\"><strong>Esta producci\u00f3n de Annie se presenta mediante un acuerdo de licencia con Music Theatre International (MTI).<\/strong><\/p>\n\n\n\n<p class=\"wp-block-paragraph\"><strong>TEMPORADA.<\/strong><\/p>\n\n\n\n<p class=\"wp-block-paragraph\">Desde el viernes 25 de septiembre | Teatro Municipal de Surco:&nbsp;<a href=\"https:\/\/www.google.com\/maps\/search\/Calle+Sacramento+236,+Santiago+de+Surco?entry=gmail&amp;source=g\">Calle Sacramento 236, Santiago de Surco<\/a>.<\/p>\n\n\n\n<p class=\"wp-block-paragraph\"><strong>FUNCIONES.<\/strong><\/p>\n\n\n\n<p class=\"wp-block-paragraph\">Jueves: 8 p. m. | Viernes: 8 p. m. | S\u00e1bados: 4 p. m. y 8 p. m. | Domingos: 12 p. m. y 4 p. m.<\/p>\n\n\n\n<p class=\"wp-block-paragraph\"><strong>ENTRADAS.<\/strong><\/p>\n\n\n\n<p class=\"wp-block-paragraph\">15 % de descuento con cualquier medio de pago.<\/p>\n\n\n\n<p class=\"wp-block-paragraph\">20 % de descuento con tarjetas de cr\u00e9dito de Scotiabank.<\/p>\n\n\n\n<p class=\"wp-block-paragraph\"><strong>ENTRADAS EN PRE VENTA EN TELETICKET.<\/strong><\/p>\n\n\n\n<figure class=\"wp-block-embed\"><div class=\"wp-block-embed__wrapper\">\nhttps:\/\/teleticket.com.pe\/annie-2026\n<\/div><\/figure>\n\n\n\n<p class=\"wp-block-paragraph\"><\/p>\n","protected":false},"excerpt":{"rendered":"<p>Anticipan el \u00e9xito del esperado musical, que llega este viernes 25 de septiembre al Teatro Municipal de Surco con Paul Martin, Rossana Fern\u00e1ndez- Maldonado, Natalia Salas, \u00cdtalo Maldonado y Arianna Fern\u00e1ndez, junto a 18 ni\u00f1as seleccionadas tras un exigente proceso de audiciones. BAJO LA DIRECCI\u00d3N GENERAL DE BRUNO ASCENZO Y DENISSE DIBOS EN LA DIRECCI\u00d3N [&hellip;]<\/p>\n","protected":false},"author":1,"featured_media":239225,"comment_status":"open","ping_status":"open","sticky":false,"template":"","format":"standard","meta":{"footnotes":""},"categories":[68,72,80,88,93],"tags":[11368,10506,10509,10502,10508,10504,10505,7129,10507,8759,10503,11369],"class_list":["post-239224","post","type-post","status-publish","format-standard","has-post-thumbnail","hentry","category-avant-premiere","category-cultural","category-musica","category-teatro","category-web","tag-5-000-entradas-vendidas","tag-almudena-guzman","tag-anna-sprinckmoller","tag-annie-el-musical","tag-cayetana-vivar","tag-celeste-ghezzi","tag-julieta-lavado","tag-mas","tag-megan-yen","tag-para-ver","tag-saskia-cabezas","tag-valentina-dibos-2"],"_links":{"self":[{"href":"https:\/\/ernestojerardo.com\/index.php\/wp-json\/wp\/v2\/posts\/239224","targetHints":{"allow":["GET"]}}],"collection":[{"href":"https:\/\/ernestojerardo.com\/index.php\/wp-json\/wp\/v2\/posts"}],"about":[{"href":"https:\/\/ernestojerardo.com\/index.php\/wp-json\/wp\/v2\/types\/post"}],"author":[{"embeddable":true,"href":"https:\/\/ernestojerardo.com\/index.php\/wp-json\/wp\/v2\/users\/1"}],"replies":[{"embeddable":true,"href":"https:\/\/ernestojerardo.com\/index.php\/wp-json\/wp\/v2\/comments?post=239224"}],"version-history":[{"count":1,"href":"https:\/\/ernestojerardo.com\/index.php\/wp-json\/wp\/v2\/posts\/239224\/revisions"}],"predecessor-version":[{"id":239226,"href":"https:\/\/ernestojerardo.com\/index.php\/wp-json\/wp\/v2\/posts\/239224\/revisions\/239226"}],"wp:featuredmedia":[{"embeddable":true,"href":"https:\/\/ernestojerardo.com\/index.php\/wp-json\/wp\/v2\/media\/239225"}],"wp:attachment":[{"href":"https:\/\/ernestojerardo.com\/index.php\/wp-json\/wp\/v2\/media?parent=239224"}],"wp:term":[{"taxonomy":"category","embeddable":true,"href":"https:\/\/ernestojerardo.com\/index.php\/wp-json\/wp\/v2\/categories?post=239224"},{"taxonomy":"post_tag","embeddable":true,"href":"https:\/\/ernestojerardo.com\/index.php\/wp-json\/wp\/v2\/tags?post=239224"}],"curies":[{"name":"wp","href":"https:\/\/api.w.org\/{rel}","templated":true}]}}