{"id":239218,"date":"2026-09-04T01:54:00","date_gmt":"2026-09-04T06:54:00","guid":{"rendered":"https:\/\/ernestojerardo.com\/?p=239218"},"modified":"2026-09-05T10:00:17","modified_gmt":"2026-09-05T15:00:17","slug":"agenda-cultural-conversatorio-y-visita-guiada-a-exposicion-felipe-benavides-peruano-universal","status":"publish","type":"post","link":"https:\/\/ernestojerardo.com\/index.php\/2026\/09\/04\/agenda-cultural-conversatorio-y-visita-guiada-a-exposicion-felipe-benavides-peruano-universal\/","title":{"rendered":"Agenda cultural: Conversatorio y Visita Guiada a Exposici\u00f3n \u201cFelipe Benavides: Peruano Universal\u201d"},"content":{"rendered":"\n<p class=\"wp-block-paragraph\">En el marco de la exposici\u00f3n <strong>\u201cFelipe Benavides \u2013 Peruano Universal\u201d,<\/strong> la Alianza Francesa de Lima presenta el lunes 7 de septiembre a las 7:00 p.m. un conversatorio destinado a analizar y resaltar la destacada obra y la vigencia del legado del conservacionista Felipe Benavides Barreda (1917- 1991), un personaje representativo del movimiento ecologista, creador de \u00e1reas naturales protegidas, defensor de la vida silvestre, promotor de las acciones para salvar a la vicu\u00f1a, gestor del Convenio de la Vicu\u00f1a e impulsor de entidades de conservaci\u00f3n de la naturaleza, entre otros logros.<\/p>\n\n\n\n<p class=\"wp-block-paragraph\">El conversatorio se realizar\u00e1 en la sala Lumi\u00e8re y contar\u00e1 con la ponencia de Wilfredo P\u00e9rez Ruiz, administrador de la exposici\u00f3n \u201cFelipe Benavides: Peruano Universal\u201d; Marco Zileri, periodista de reconocida trayectoria; y Karin Elmore, Directora de Asuntos Culturales de la Alianza Francesa de Lima. Al finalizar el di\u00e1logo, habr\u00e1 una visita guiada a la exposici\u00f3n, que se presenta en el Espacio Libert\u00e9 de la Alianza Francesa de Lima \u2013 sede Miraflores. El ingreso es libre por orden de llegada.<\/p>\n\n\n\n<p class=\"wp-block-paragraph\"><strong>ENT\u00c9RATE!!!<\/strong><\/p>\n\n\n\n<p class=\"wp-block-paragraph\"><strong>Conversatorio y visita guiada a<\/strong> <strong>exposici\u00f3n<\/strong> <strong>\u201cFelipe Benavides \u2013 Peruano Universal\u201d.<\/strong><strong><\/strong><\/p>\n\n\n\n<p class=\"wp-block-paragraph\">Fecha: Lunes 7 de septiembre a las 7:00 p.m.<\/p>\n\n\n\n<p class=\"wp-block-paragraph\">Lugar: Sala Lumi\u00e8re de la Alianza Francesa de Lima &#8211; Sede Miraflores.<\/p>\n\n\n\n<p class=\"wp-block-paragraph\">Direcci\u00f3n: Av. Benavides 4595, Miraflores.<\/p>\n\n\n\n<p class=\"wp-block-paragraph\">Ponentes: Wilfredo P\u00e9rez Ruiz, Marco Zileri y Karin Elmore.<\/p>\n\n\n\n<p class=\"wp-block-paragraph\">Ingreso libre por orden de llegada. Capacidad limitada.<\/p>\n","protected":false},"excerpt":{"rendered":"<p>En el marco de la exposici\u00f3n \u201cFelipe Benavides \u2013 Peruano Universal\u201d, la Alianza Francesa de Lima presenta el lunes 7 de septiembre a las 7:00 p.m. un conversatorio destinado a analizar y resaltar la destacada obra y la vigencia del legado del conservacionista Felipe Benavides Barreda (1917- 1991), un personaje representativo del movimiento ecologista, creador [&hellip;]<\/p>\n","protected":false},"author":1,"featured_media":239219,"comment_status":"open","ping_status":"open","sticky":false,"template":"","format":"standard","meta":{"footnotes":""},"categories":[72],"tags":[8323,657,259,9982,159,7462,11362],"class_list":["post-239218","post","type-post","status-publish","format-standard","has-post-thumbnail","hentry","category-cultural","tag-agenda-cultural","tag-conversatorio","tag-exposicion","tag-felipe-benavides-peruano-universal","tag-lunes","tag-septiembre","tag-visita-guiada"],"_links":{"self":[{"href":"https:\/\/ernestojerardo.com\/index.php\/wp-json\/wp\/v2\/posts\/239218","targetHints":{"allow":["GET"]}}],"collection":[{"href":"https:\/\/ernestojerardo.com\/index.php\/wp-json\/wp\/v2\/posts"}],"about":[{"href":"https:\/\/ernestojerardo.com\/index.php\/wp-json\/wp\/v2\/types\/post"}],"author":[{"embeddable":true,"href":"https:\/\/ernestojerardo.com\/index.php\/wp-json\/wp\/v2\/users\/1"}],"replies":[{"embeddable":true,"href":"https:\/\/ernestojerardo.com\/index.php\/wp-json\/wp\/v2\/comments?post=239218"}],"version-history":[{"count":1,"href":"https:\/\/ernestojerardo.com\/index.php\/wp-json\/wp\/v2\/posts\/239218\/revisions"}],"predecessor-version":[{"id":239220,"href":"https:\/\/ernestojerardo.com\/index.php\/wp-json\/wp\/v2\/posts\/239218\/revisions\/239220"}],"wp:featuredmedia":[{"embeddable":true,"href":"https:\/\/ernestojerardo.com\/index.php\/wp-json\/wp\/v2\/media\/239219"}],"wp:attachment":[{"href":"https:\/\/ernestojerardo.com\/index.php\/wp-json\/wp\/v2\/media?parent=239218"}],"wp:term":[{"taxonomy":"category","embeddable":true,"href":"https:\/\/ernestojerardo.com\/index.php\/wp-json\/wp\/v2\/categories?post=239218"},{"taxonomy":"post_tag","embeddable":true,"href":"https:\/\/ernestojerardo.com\/index.php\/wp-json\/wp\/v2\/tags?post=239218"}],"curies":[{"name":"wp","href":"https:\/\/api.w.org\/{rel}","templated":true}]}}