{"id":239211,"date":"2026-09-03T14:12:00","date_gmt":"2026-09-03T19:12:00","guid":{"rendered":"https:\/\/ernestojerardo.com\/?p=239211"},"modified":"2026-09-04T09:20:38","modified_gmt":"2026-09-04T14:20:38","slug":"arap-bethke-conducira-el-luxurylab-global-2026-que-reunira-a-los-protagonistas-del-lujo-en-su-xv-edicion","status":"publish","type":"post","link":"https:\/\/ernestojerardo.com\/index.php\/2026\/09\/03\/arap-bethke-conducira-el-luxurylab-global-2026-que-reunira-a-los-protagonistas-del-lujo-en-su-xv-edicion\/","title":{"rendered":"Arap Bethke conducir\u00e1 el\u00a0LuxuryLab Global 2026 que reunir\u00e1\u00a0a los protagonistas del lujo, en su XV edici\u00f3n"},"content":{"rendered":"\n<figure class=\"wp-block-table\"><table class=\"has-fixed-layout\"><tbody><tr><td><strong>El actor presentar\u00e1 la agenda del foro, que celebra\u00a015 a\u00f1os de trayectoria con una jornada de inteligencia, innovaci\u00f3n, tendencias y experiencias,\u00a0este\u00a0martes<\/strong> <strong>8\u00a0de septiembre\u00a0en el\u00a0Four Seasons Hotel,\u00a0Ciudad de M\u00e9xico.<\/strong><\/td><\/tr><\/tbody><\/table><\/figure>\n\n\n\n<figure class=\"wp-block-table\"><table class=\"has-fixed-layout\"><tbody><tr><td><strong>Ciudad de M\u00e9xico-<\/strong>\u00a0El actor\u00a0<a href=\"https:\/\/us.list-manage.com\/jm6DylV5wVJ?e=f6057ab2ef&amp;c2id=f37ea14ae8bdc2e253822bad29efc7e5&amp;m=peuzKgPNC_tjPRO_ZWazwudcPrCb9ifOvcbxqQZctTLliMQssGaK-oxPbbDJ\" target=\"_blank\" rel=\"noopener\"><strong>Arap Bethke<\/strong><\/a>\u00a0se une a\u00a0<a href=\"https:\/\/us.list-manage.com\/Ul5u5a5JHcF?e=f6057ab2ef&amp;c2id=f37ea14ae8bdc2e253822bad29efc7e5&amp;m=UdRX4J8lreJQX0J-eDFyI_y98N7_RUVc-X9NqP7bU7BwZ_mGPbtx3b_ZLkJR\" target=\"_blank\" rel=\"noopener\"><strong>LuxuryLab Global<\/strong><\/a>\u00a0como host y conductor oficial de su XV edici\u00f3n, que se realizar\u00e1 este martes\u00a0<strong>8 de septiembre\u00a0<\/strong>en<strong>\u00a0<\/strong>el\u00a0<strong>Four Seasons Hotel<\/strong>\u00a0Mexico City.<br><br>Considerado uno de los foros de inteligencia del mercado de lujo m\u00e1s relevantes de M\u00e9xico y Am\u00e9rica Latina,\u00a0<a href=\"https:\/\/us.list-manage.com\/1CArumBJjcX?e=f6057ab2ef&amp;c2id=f37ea14ae8bdc2e253822bad29efc7e5&amp;m=x4ZLgBKnL5F9ac_lzMSQ6CP84FAyyoQ8ctp_86CvM0OzQPpgyKWbxcnhnlrm\" target=\"_blank\" rel=\"noopener\"><strong>LuxuryLab Global<\/strong><\/a>\u00a0reunir\u00e1 bajo el lema\u00a0<em><strong>\u201c<\/strong><\/em><strong>Next-Gen: 15 Years of Shaping the Future of Luxury<\/strong><em><strong>\u201d<\/strong><\/em>\u00a0una jornada a l\u00edderes empresariales, creativos, especialistas y representantes de algunas de las marcas e instituciones m\u00e1s influyentes del sector para analizar las transformaciones culturales, econ\u00f3micas, tecnol\u00f3gicas y sociales que est\u00e1n redefiniendo la industria.<br><br><a href=\"https:\/\/us.list-manage.com\/W8or3uFM4R0?e=f6057ab2ef&amp;c2id=f37ea14ae8bdc2e253822bad29efc7e5&amp;m=7LFRke-xv31_748GFZJS1wnj2I4iQo_mpxwqvRYlPzZwCPoAql1EBXkpRDK9\" target=\"_blank\" rel=\"noopener\"><strong>Arap Bethke<\/strong><\/a>\u00a0ser\u00e1 la voz conductora de la jornada principal del 8 de septiembre. Como host oficial, tendr\u00e1 la responsabilidad de acompa\u00f1ar al p\u00fablico a trav\u00e9s de la programaci\u00f3n, presentar a los participantes y conectar las diferentes conversaciones y perspectivas que formar\u00e1n parte del encuentro.<br><br>Su experiencia frente a las c\u00e1maras y en eventos en vivo, as\u00ed como su capacidad de improvisaci\u00f3n, carisma y cercan\u00eda, le permitir\u00e1n aportar dinamismo y sensibilidad a una agenda que vincular\u00e1 creatividad, negocios, innovaci\u00f3n, cultura, responsabilidad y prop\u00f3sito.<br><br><strong>UN CONDUCTOR CAPAZ DE CONECTAR CON DIFERENTES AUDIENCIAS.<\/strong> <br>A lo largo de su carrera,\u00a0<a href=\"https:\/\/us.list-manage.com\/11aq9Iq0O12?e=f6057ab2ef&amp;c2id=f37ea14ae8bdc2e253822bad29efc7e5&amp;m=s_2hh21FlDv25OytskVzf4AQe7qggpdazGb_xULcBBLAivSGFWzBx3m3D3Eu\" target=\"_blank\" rel=\"noopener\"><strong>Arap Bethke<\/strong><\/a>\u00a0ha demostrado una especial habilidad para comunicarse con p\u00fablicos diversos, traslad\u00e1ndose con naturalidad entre el entretenimiento, la cultura, el turismo, la sustentabilidad y las causas sociales.<br><br>Su presencia esc\u00e9nica, capacidad de escucha y experiencia como conductor le permiten transformar conversaciones especializadas en encuentros cercanos, \u00e1giles y relevantes. Estas cualidades lo convierten en el perfil ideal para acompa\u00f1ar una edici\u00f3n que propone mirar mucho m\u00e1s all\u00e1 de una sola industria.<br><br>Movilidad, comportamiento del consumidor, arquitectura, turismo, inteligencia artificial, belleza, hospitalidad, bienes ra\u00edces, longevidad, sostenibilidad y cultura converger\u00e1n en una programaci\u00f3n dise\u00f1ada para comprender c\u00f3mo las nuevas generaciones est\u00e1n modificando la relaci\u00f3n entre las personas, las marcas y las experiencias.<br><br>Entre los di\u00e1logos que acompa\u00f1ar\u00e1 Arap se encuentran\u00a0<strong>\u201cBeyond Design: Creating the Future of Luxury Mobility\u201d<\/strong>, con Ian Cartabiano, presidente de Calty Design Research y responsable del dise\u00f1o avanzado de Lexus; y\u00a0<strong>\u201cThe Next Chapter of Luxury Hospitality\u201d<\/strong>, con Antoine Chahwan, presidente de Operaciones Hoteleras para las Am\u00e9ricas de Four Seasons.<br><br><strong>LAS VOCES QUE EST\u00c1N TRAZANDO EL FUTURO DEL LUJO.<\/strong> <br>La programaci\u00f3n contar\u00e1 con la participaci\u00f3n de\u00a0<strong>Fflur Roberts<\/strong>, directora global de Bienes de Lujo de Euromonitor International, quien analizar\u00e1 c\u00f3mo las distintas generaciones est\u00e1n reescribiendo las reglas del consumo; y\u00a0<strong>Javier Esteban Carrasc\u00f3n<\/strong>, managing director de Cond\u00e9 Nast M\u00e9xico y Latinoam\u00e9rica, quien abordar\u00e1 el valor de la creatividad, la cultura y el contenido m\u00e1s all\u00e1 de los algoritmos.<br><br>Tambi\u00e9n participar\u00e1n el arquitecto\u00a0<strong>Mauricio Rocha<\/strong>, quien recibir\u00e1 el LuxuryLab Award 2026;\u00a0<strong>Christina Lyon<\/strong>, fundadora y directora art\u00edstica de Gala de Danza;\u00a0<strong>Michelle Buttigieg<\/strong>, representante de Malta Tourism Authority para Norteam\u00e9rica;\u00a0<strong>Tony Ventura<\/strong>, especialista en inteligencia artificial; y\u00a0<strong>Andr\u00e9s Giraldo<\/strong>, partner de Boston Consulting Group, quien presentar\u00e1 las prioridades estrat\u00e9gicas que definir\u00e1n el liderazgo y el crecimiento futuro de la industria.<br><br>La edici\u00f3n tambi\u00e9n reconocer\u00e1 a\u00a0<strong>VisitMalta<\/strong>\u00a0con el\u00a0<strong>LuxuryLab International Award 2026<\/strong>\u00a0y a\u00a0<strong>San Miguel de Allende<\/strong>\u00a0con el\u00a0<strong>LuxuryLab National Award 2026<\/strong>, destacando su proyecci\u00f3n cultural, tur\u00edstica y creativa.<br><br>Los\u00a0<strong>LuxuryLab Awards 2026<\/strong>\u00a0ser\u00e1n materializados en piezas \u00fanicas realizadas por\u00a0<strong>Uriarte Talavera<\/strong>, una de las casas de Talavera con mayor tradici\u00f3n en M\u00e9xico. Cada galard\u00f3n celebrar\u00e1 el trabajo artesanal, el dise\u00f1o y el patrimonio cultural mexicano, representando los valores de creatividad, excelencia, legado e impacto que promueve LuxuryLab Global.<br><br><strong>UN ANIVERSARIO CON PROP\u00d3SITO.<\/strong> <br>Uno de los componentes m\u00e1s significativos de esta edici\u00f3n ser\u00e1 el apoyo de\u00a0<strong>LuxuryLab Global<\/strong>\u00a0a\u00a0<strong>Saving Our Sharks Foundation<\/strong>, organizaci\u00f3n dedicada a la conservaci\u00f3n de los tiburones y los ecosistemas marinos. La fundaci\u00f3n estar\u00e1 representada dentro de la agenda por su CEO,\u00a0<strong>Melodie Trevi\u00f1o<\/strong>, quien participar\u00e1 junto con\u00a0<strong>Javier Herrero Postigo<\/strong>, director ejecutivo de Sistema B M\u00e9xico, y Mariana Villaluso, fundadora y CEO de Revolta, en la conversaci\u00f3n\u00a0<strong>\u201cChangemakers Shaping What\u2019s Next\u201d.<\/strong><br><br>Esta colaboraci\u00f3n busca acercar el trabajo de conservaci\u00f3n a l\u00edderes empresariales, marcas y tomadores de decisiones, generando un punto de encuentro entre biodiversidad, responsabilidad corporativa, colaboraci\u00f3n y acci\u00f3n colectiva. La iniciativa establece una conexi\u00f3n natural\u00a0<strong>con el compromiso ambiental de Arap Bethke, quien durante a\u00f1os ha utilizado su plataforma p\u00fablica para crear conciencia sobre el cambio clim\u00e1tico, el consumo responsable y la necesidad de proteger los oc\u00e9anos.<\/strong><br><br>Bethke ha colaborado con organizaciones e iniciativas como\u00a0<strong>The Climate Reality Project, Greenpeace M\u00e9xico y Sachamama<\/strong>, participando en campa\u00f1as relacionadas con la acci\u00f3n clim\u00e1tica y la conservaci\u00f3n de los ecosistemas marinos. Tambi\u00e9n ha promovido el reconocimiento de los oc\u00e9anos como fuente de vida y como un patrimonio cuya protecci\u00f3n requiere del compromiso de todos los sectores de la sociedad.<br><br>Por su labor fue incluido entre los\u00a0<strong>\u201cLos 100 Latinos M\u00e1s Influyentes Comprometidos con la Acci\u00f3n Clim\u00e1tica\u201d<\/strong>. En 2025, la revista\u00a0<strong>Esquire<\/strong>\u00a0lo reconocieron con el galard\u00f3n de\u00a0<strong>Responsabilidad Social<\/strong>, reconoci\u00e9ndolo como La Figuras m\u00e1s Influyentes en Causas Sociales.<br><br><strong>UNA TRAYECTORIA INTERNACIONAL.<\/strong> <br>A lo largo de su destacada y ascendente carrera,\u00a0<strong><a href=\"https:\/\/us.list-manage.com\/13VDDecICRl?e=f6057ab2ef&amp;c2id=f37ea14ae8bdc2e253822bad29efc7e5&amp;m=bqTJOrmtrnOOZTS46AoJmui_J987PIJVdpJJpTdvKo45zpDYZXLvQiBlHytt\" target=\"_blank\" rel=\"noopener\">Arap Bethke<\/a>\u00a0ha participado en m\u00e1s de 15 pel\u00edculas y en m\u00e1s de 25 series, telenovelas y producciones para televisi\u00f3n y plataformas de streaming<\/strong>, desarrollando una trayectoria internacional que abarca M\u00e9xico, Am\u00e9rica Latina y Estados Unidos.<br><br>En noviembre estrenar\u00e1\u00a0<strong>\u201cENTRE 2 MUNDOS\u201d<\/strong>, producci\u00f3n original de\u00a0<strong>HISTORY<\/strong>\u00a0Channel\u00a0en la que participa como conductor y productor. La docuserie de cuatro episodios explora la riqueza cultural, emocional y espiritual del\u00a0<strong>D\u00eda de Muertos en M\u00e9xico.\u00a0<\/strong>El proyecto representa una nueva etapa en su carrera, al combinar su experiencia como comunicador con su faceta como productor y su inter\u00e9s por contar historias capaces de acercar al p\u00fablico a la cultura, la identidad y el patrimonio de M\u00e9xico.<br><br><strong>M\u00c1S QUE UN EVENTO, UNA EXPERIENCIA.<\/strong> <br>Bajo la direcci\u00f3n de\u00a0<a href=\"https:\/\/us.list-manage.com\/ioUqJr1NFFN?e=f6057ab2ef&amp;c2id=f37ea14ae8bdc2e253822bad29efc7e5&amp;m=Gh9WTYLeg6TBWPxR3Eod1_FbMD1k0zHUdZwHK3hbirocvWziHUSBkIO-zj3q\" target=\"_blank\" rel=\"noopener\"><strong>Abelardo Marcondes<\/strong><\/a>, CEO de<strong>\u00a0<a href=\"https:\/\/us.list-manage.com\/SrPatuHgZFF?e=f6057ab2ef&amp;c2id=f37ea14ae8bdc2e253822bad29efc7e5&amp;m=ZRWTQX1DABfArQtq6q6AC13RYwcXyZbpdLJGhafX-r1t7CUptnjRDdbt7Du3\" target=\"_blank\" rel=\"noopener\">LuxuryLab Global<\/a><\/strong>, la XV edici\u00f3n funcionar\u00e1 como un punto de encuentro entre los aprendizajes construidos durante los \u00faltimos 15 a\u00f1os y las decisiones que comenzar\u00e1n a escribir el pr\u00f3ximo cap\u00edtulo de la industria.<br><br>Fundada en 2011, LuxuryLab Global se ha consolidado como una plataforma internacional dedicada a analizar y proyectar las din\u00e1micas del lujo desde una perspectiva estrat\u00e9gica, cultural y de negocio.<br><br>Durante la jornada se combinar\u00e1n conferencias, an\u00e1lisis de tendencias, conversaciones internacionales, experiencias gastron\u00f3micas, activaciones de marca y espacios de networking.<br><br>El acceso incluye el programa de conferencias, la presentaci\u00f3n especial del Consumer Trend Report 2026 de Euromonitor International, coffee breaks, experiencias exclusivas, activaciones de marca y el c\u00f3ctel oficial de clausura.\u00a0<br><br><strong>Para Boletos<\/strong>:\u00a0<a href=\"https:\/\/us.list-manage.com\/KZZCYabYb_p?e=f6057ab2ef&amp;c2id=f37ea14ae8bdc2e253822bad29efc7e5&amp;m=1xjkm4Wswf4QeQtwNg0jgGHCKiOtiK3_OnPK_7kTMUN_PB0Mcpq8LVzRyqEA\" target=\"_blank\" rel=\"noopener\">luxurylabglobal.com\/tickets<\/a><\/td><\/tr><\/tbody><\/table><\/figure>\n","protected":false},"excerpt":{"rendered":"<p>El actor presentar\u00e1 la agenda del foro, que celebra\u00a015 a\u00f1os de trayectoria con una jornada de inteligencia, innovaci\u00f3n, tendencias y experiencias,\u00a0este\u00a0martes 8\u00a0de septiembre\u00a0en el\u00a0Four Seasons Hotel,\u00a0Ciudad de M\u00e9xico. Ciudad de M\u00e9xico-\u00a0El actor\u00a0Arap Bethke\u00a0se une a\u00a0LuxuryLab Global\u00a0como host y conductor oficial de su XV edici\u00f3n, que se realizar\u00e1 este martes\u00a08 de septiembre\u00a0en\u00a0el\u00a0Four Seasons Hotel\u00a0Mexico City. Considerado [&hellip;]<\/p>\n","protected":false},"author":1,"featured_media":239212,"comment_status":"open","ping_status":"open","sticky":false,"template":"","format":"standard","meta":{"footnotes":""},"categories":[66,77,67],"tags":[510,11355,511,11353,1526,6010,11352,4024,11354],"class_list":["post-239211","post","type-post","status-publish","format-standard","has-post-thumbnail","hentry","category-ciudad","category-eventos","category-internacional","tag-actor","tag-agenda","tag-arap-bethke","tag-conducira","tag-edicion","tag-foro","tag-luxurylab-global","tag-presentara","tag-protagonistas-del-lujo"],"_links":{"self":[{"href":"https:\/\/ernestojerardo.com\/index.php\/wp-json\/wp\/v2\/posts\/239211","targetHints":{"allow":["GET"]}}],"collection":[{"href":"https:\/\/ernestojerardo.com\/index.php\/wp-json\/wp\/v2\/posts"}],"about":[{"href":"https:\/\/ernestojerardo.com\/index.php\/wp-json\/wp\/v2\/types\/post"}],"author":[{"embeddable":true,"href":"https:\/\/ernestojerardo.com\/index.php\/wp-json\/wp\/v2\/users\/1"}],"replies":[{"embeddable":true,"href":"https:\/\/ernestojerardo.com\/index.php\/wp-json\/wp\/v2\/comments?post=239211"}],"version-history":[{"count":1,"href":"https:\/\/ernestojerardo.com\/index.php\/wp-json\/wp\/v2\/posts\/239211\/revisions"}],"predecessor-version":[{"id":239213,"href":"https:\/\/ernestojerardo.com\/index.php\/wp-json\/wp\/v2\/posts\/239211\/revisions\/239213"}],"wp:featuredmedia":[{"embeddable":true,"href":"https:\/\/ernestojerardo.com\/index.php\/wp-json\/wp\/v2\/media\/239212"}],"wp:attachment":[{"href":"https:\/\/ernestojerardo.com\/index.php\/wp-json\/wp\/v2\/media?parent=239211"}],"wp:term":[{"taxonomy":"category","embeddable":true,"href":"https:\/\/ernestojerardo.com\/index.php\/wp-json\/wp\/v2\/categories?post=239211"},{"taxonomy":"post_tag","embeddable":true,"href":"https:\/\/ernestojerardo.com\/index.php\/wp-json\/wp\/v2\/tags?post=239211"}],"curies":[{"name":"wp","href":"https:\/\/api.w.org\/{rel}","templated":true}]}}