{"id":239195,"date":"2026-09-03T09:19:00","date_gmt":"2026-09-03T14:19:00","guid":{"rendered":"https:\/\/ernestojerardo.com\/?p=239195"},"modified":"2026-09-04T08:31:19","modified_gmt":"2026-09-04T13:31:19","slug":"regresa-al-centro-cultural-pucp-la-obra-documental-el-rincon-de-los-muertos","status":"publish","type":"post","link":"https:\/\/ernestojerardo.com\/index.php\/2026\/09\/03\/regresa-al-centro-cultural-pucp-la-obra-documental-el-rincon-de-los-muertos\/","title":{"rendered":"Regresa al Centro Cultural PUCP, la obra documental \u201cEl rinc\u00f3n de los muertos\u201d"},"content":{"rendered":"\n<figure class=\"wp-block-table\"><table class=\"has-fixed-layout\"><tbody><tr><td><strong>Escrita por Sebasti\u00e1n Rubio a partir de testimonios de Ricardo Bromley.<br><br>Dirigida por Sebasti\u00e1n Rubio y Yanira D\u00e1vila. \u00a0<\/strong><\/td><\/tr><tr><td><br>Solo por 16 funciones del jueves 17 de septiembre al domingo 11 de octubre. \u00a0 El Centro Cultural de la Pontificia Universidad Cat\u00f3lica del Per\u00fa presenta nuevamente \u201cEl rinc\u00f3n de los muertos\u201d<strong>,<\/strong>\u00a0escrita por Sebasti\u00e1n Rubio y dirigida por Sebasti\u00e1n Rubio y Yanira D\u00e1vila. <br><br>Una obra de teatro documental que rescata la memoria cultural e hist\u00f3rica de Ayacucho, a trav\u00e9s de una exploraci\u00f3n esc\u00e9nica profundamente personal de su protagonista: Ricardo Bromley. <br><br>La obra, a trav\u00e9s de una larga investigaci\u00f3n y el uso de fotos y video, propone un acercamiento esc\u00e9nico a la historia del Per\u00fa desde una perspectiva regional, poniendo en valor la memoria oral, la danza tradicional y el testimonio como formas leg\u00edtimas de expresi\u00f3n cultural. <br><br>Al centrarse en Ayacucho \u2014una regi\u00f3n clave en la historia republicana y contempor\u00e1nea del pa\u00eds\u2014,\u00a0\u00abEl rinc\u00f3n de los muertos\u00bb\u00a0contribuye al reconocimiento de narrativas diversas dentro del imaginario nacional. <br><br>Luego de su paso por distintos festivales internacionales de artes esc\u00e9nicas en Per\u00fa, Chile, Brasil y Ecuador, esta obra de teatro documental, beneficiaria del programa de incubaci\u00f3n del FAE Lima, regresa a los escenarios por solo 16 funciones del jueves 17 de septiembre al domingo 11 de octubre en el Teatro del Centro Cultural PUCP, ubicado en\u00a0<a href=\"https:\/\/www.google.com\/maps\/search\/Av.+Camino+Real+1075,+San+Isidro?entry=gmail&amp;source=g\">Av. Camino Real 1075, San Isidro<\/a>.\u00a0<br><br>Al finalizar su temporada, la obra viajar\u00e1 a Europa para su presentaci\u00f3n en distintas ciudades. Las entradas ya est\u00e1n a la venta en\u00a0<a href=\"https:\/\/us.list-manage.com\/GWR_cwESs9j?e=229c27c534&amp;c2id=f630666d9716ad1499c919889b202cff\" target=\"_blank\" rel=\"noopener\"><strong>ccpucpencasa.com<\/strong><\/a>\u00a0y en la boleter\u00eda del CCPUCP de lunes a domingo de 3:00 a 9:00 p.m.<br>\u00a0<br>\u00a0<br><strong>SOBRE LA OBRA.<\/strong> <br>\u201cEl rinc\u00f3n de los muertos\u201d es una obra de teatro documental que rescata la memoria cultural e hist\u00f3rica de Ayacucho a trav\u00e9s de una exploraci\u00f3n esc\u00e9nica profundamente personal. Protagonizada por Ricardo \u2014actor y danzante de tijeras ayacuchano\u2014, la obra parte de su historia familiar como una v\u00eda para reflexionar sobre el impacto de los grandes procesos hist\u00f3ricos en la identidad regional y nacional del Per\u00fa. <br><br>Desde una mirada \u00edntima, la obra pone en di\u00e1logo el testimonio individual con momentos clave de la historia colectiva: La Batalla de Ayacucho como s\u00edmbolo fundacional de la Rep\u00fablica, los movimientos sociales por el derecho a la educaci\u00f3n en las d\u00e9cadas recientes y las secuelas del conflicto armado interno. <br><br>\u201cEl rinc\u00f3n de los muertos\u201d se enfoca en la experiencia vivida: C\u00f3mo se habita una tierra marcada por la memoria, la resistencia y la tradici\u00f3n. A partir de archivos familiares, memoria oral y expresiones de la cultura andina \u2014como la danza de las tijeras\u2014, la obra construye un lenguaje esc\u00e9nico donde lo personal se cruza con lo hist\u00f3rico. La danza, en este contexto, no solo es una manifestaci\u00f3n art\u00edstica, sino tambi\u00e9n una forma de preservar y transmitir identidad.<br><br><strong>Dramaturgia:\u00a0<\/strong>Sebasti\u00e1n Rubio. <br><strong>Direcci\u00f3n:\u00a0<\/strong>Sebasti\u00e1n Rubio y Yanira D\u00e1vila. <br><strong>Asistencia de direcci\u00f3n<\/strong>: Camila Palao. <br><strong>En escena:\u00a0<\/strong>Ricardo Bromley. <br><strong>Producci\u00f3n general<\/strong>: Centro Cultural PUCP.<\/td><\/tr><\/tbody><\/table><\/figure>\n","protected":false},"excerpt":{"rendered":"<p>Escrita por Sebasti\u00e1n Rubio a partir de testimonios de Ricardo Bromley. Dirigida por Sebasti\u00e1n Rubio y Yanira D\u00e1vila. \u00a0 Solo por 16 funciones del jueves 17 de septiembre al domingo 11 de octubre. \u00a0 El Centro Cultural de la Pontificia Universidad Cat\u00f3lica del Per\u00fa presenta nuevamente \u201cEl rinc\u00f3n de los muertos\u201d,\u00a0escrita por Sebasti\u00e1n Rubio y [&hellip;]<\/p>\n","protected":false},"author":1,"featured_media":239196,"comment_status":"open","ping_status":"open","sticky":false,"template":"","format":"standard","meta":{"footnotes":""},"categories":[72,88,93],"tags":[11320,155,11322,156,11321,343,11323,4729,11325],"class_list":["post-239195","post","type-post","status-publish","format-standard","has-post-thumbnail","hentry","category-cultural","category-teatro","category-web","tag-centro-cultural-pucp","tag-dirigida","tag-el-rincon-de-los-muertos","tag-escrita","tag-obra-documental","tag-regresa","tag-sebastian-rubio","tag-testimonios","tag-yanira-davila"],"_links":{"self":[{"href":"https:\/\/ernestojerardo.com\/index.php\/wp-json\/wp\/v2\/posts\/239195","targetHints":{"allow":["GET"]}}],"collection":[{"href":"https:\/\/ernestojerardo.com\/index.php\/wp-json\/wp\/v2\/posts"}],"about":[{"href":"https:\/\/ernestojerardo.com\/index.php\/wp-json\/wp\/v2\/types\/post"}],"author":[{"embeddable":true,"href":"https:\/\/ernestojerardo.com\/index.php\/wp-json\/wp\/v2\/users\/1"}],"replies":[{"embeddable":true,"href":"https:\/\/ernestojerardo.com\/index.php\/wp-json\/wp\/v2\/comments?post=239195"}],"version-history":[{"count":1,"href":"https:\/\/ernestojerardo.com\/index.php\/wp-json\/wp\/v2\/posts\/239195\/revisions"}],"predecessor-version":[{"id":239197,"href":"https:\/\/ernestojerardo.com\/index.php\/wp-json\/wp\/v2\/posts\/239195\/revisions\/239197"}],"wp:featuredmedia":[{"embeddable":true,"href":"https:\/\/ernestojerardo.com\/index.php\/wp-json\/wp\/v2\/media\/239196"}],"wp:attachment":[{"href":"https:\/\/ernestojerardo.com\/index.php\/wp-json\/wp\/v2\/media?parent=239195"}],"wp:term":[{"taxonomy":"category","embeddable":true,"href":"https:\/\/ernestojerardo.com\/index.php\/wp-json\/wp\/v2\/categories?post=239195"},{"taxonomy":"post_tag","embeddable":true,"href":"https:\/\/ernestojerardo.com\/index.php\/wp-json\/wp\/v2\/tags?post=239195"}],"curies":[{"name":"wp","href":"https:\/\/api.w.org\/{rel}","templated":true}]}}