{"id":239188,"date":"2026-09-03T12:05:22","date_gmt":"2026-09-03T17:05:22","guid":{"rendered":"https:\/\/ernestojerardo.com\/?p=239188"},"modified":"2026-09-03T12:05:23","modified_gmt":"2026-09-03T17:05:23","slug":"del-barrio-producciones-y-america-television-presento-al-elenco-la-vida-que-me-robaste","status":"publish","type":"post","link":"https:\/\/ernestojerardo.com\/index.php\/2026\/09\/03\/del-barrio-producciones-y-america-television-presento-al-elenco-la-vida-que-me-robaste\/","title":{"rendered":"Del Barrio Producciones y Am\u00e9rica Televisi\u00f3n present\u00f3 al elenco \u201cLa vida que me robaste\u201d"},"content":{"rendered":"\n<p class=\"wp-block-paragraph\"><strong>La nueva telenovela se estrena este martes 8 de septiembre, despu\u00e9s de \u201cAl fondo hay sitio\u201d. Actores fueron presentados en exitosa conferencia de prensa.<\/strong><\/p>\n\n\n\n<p class=\"wp-block-paragraph\">Mariana pas\u00f3 diez a\u00f1os en prisi\u00f3n por una condena injusta. Cuando finalmente recupera la libertad, vuelve por sus hijas convencida de que podr\u00e1 retomar la vida que dej\u00f3 atr\u00e1s. Pero durante su ausencia todo cambi\u00f3: ellas crecieron y su propia hermana termin\u00f3 ocupando su lugar.<\/p>\n\n\n\n<p class=\"wp-block-paragraph\">Ese es el conflicto central de&nbsp;<strong>\u201cLa vida que me robaste\u201d<\/strong>, la nueva telenovela de&nbsp;<strong>Del Barrio Producciones para Am\u00e9rica Televisi\u00f3n<\/strong>, que se estrenar\u00e1 este martes&nbsp;<strong>8 de septiembre<\/strong>, despu\u00e9s de&nbsp;<strong>\u201cAl fondo hay sitio\u201d<\/strong>.<\/p>\n\n\n\n<p class=\"wp-block-paragraph\">Despu\u00e9s de una d\u00e9cada lejos de sus hijas, Mariana tendr\u00e1 que enfrentarse a una familia muy distinta de la que recuerda. Su regreso alterar\u00e1 relaciones construidas durante esos a\u00f1os y la obligar\u00e1 a recuperar un v\u00ednculo que ya no puede dar por sentado.<\/p>\n\n\n\n<p class=\"wp-block-paragraph\"><strong>\u201cLa vida que me robaste\u201d<\/strong>&nbsp;idea original de Eduardo Adrianz\u00e9n, es dirigida por Francisco \u00c1lvarez y escrita por Abel Enr\u00edquez. <strong>Karina Jord\u00e1n<\/strong>&nbsp;encabeza la historia en su regreso a la televisi\u00f3n despu\u00e9s de cuatro a\u00f1os. Comparte roles protag\u00f3nicos con&nbsp;<strong>Fiorella D\u00edaz<\/strong>, quien vuelve a la pantalla chica luego de participar en la pel\u00edcula&nbsp;<strong>\u201cAmando a Amanda\u201d<\/strong>.<\/p>\n\n\n\n<p class=\"wp-block-paragraph\">El elenco incluye adem\u00e1s a\u00a0<strong>Nicol\u00e1s Galindo, Mayella Lloclla, Rodrigo S\u00e1nchez Pati\u00f1o, Milene V\u00e1zquez, Emilram Cossio, Gabriela Billoti, Claudio Calmet, Roc\u00edo Montesinos, Nicol\u00e1s Osorio, Merly Morello, Vasco Rodr\u00edguez, Mar\u00eda Grazia Polanco, Rodrigo L\u00f3pez Silva, Elisa Costa, Valeria Pfl\u00fccker, Julio C\u00e9sar P\u00e9rez y Alessia Lambruschini<\/strong>. <strong>\u201cLa vida que me robaste\u201d se estrena este martes 8 de septiembre y se emitir\u00e1 de lunes a viernes por Am\u00e9rica Televisi\u00f3n, despu\u00e9s de \u201cAl fondo hay sitio\u201d.<\/strong><\/p>\n","protected":false},"excerpt":{"rendered":"<p>La nueva telenovela se estrena este martes 8 de septiembre, despu\u00e9s de \u201cAl fondo hay sitio\u201d. Actores fueron presentados en exitosa conferencia de prensa. Mariana pas\u00f3 diez a\u00f1os en prisi\u00f3n por una condena injusta. Cuando finalmente recupera la libertad, vuelve por sus hijas convencida de que podr\u00e1 retomar la vida que dej\u00f3 atr\u00e1s. Pero durante [&hellip;]<\/p>\n","protected":false},"author":1,"featured_media":239189,"comment_status":"open","ping_status":"open","sticky":false,"template":"","format":"standard","meta":{"footnotes":""},"categories":[68,2666,89,90],"tags":[11317,3138,11010,11313,11314,11309,2669,11316,1108,5499,2187,11311,946,6359,3099,11310,11312],"class_list":["post-239188","post","type-post","status-publish","format-standard","has-post-thumbnail","hentry","category-avant-premiere","category-detras-de-escena","category-telenovelas","category-television","tag-alessia-lambruschini","tag-claudio-calmet","tag-elisa-costa","tag-emilram-cossio","tag-gabriela-billoti","tag-la-vida-que-me-robaste","tag-maria-grazia-polanco","tag-mayella-lloclla","tag-merly-morello","tag-milene-vazquez","tag-nicolas-galindo","tag-nicolas-osorio","tag-rocio-montesinos","tag-rodrigo-lopez-silva","tag-rodrigo-sanchez-patino","tag-valeria-pflucker","tag-vasco-rodriguez"],"_links":{"self":[{"href":"https:\/\/ernestojerardo.com\/index.php\/wp-json\/wp\/v2\/posts\/239188","targetHints":{"allow":["GET"]}}],"collection":[{"href":"https:\/\/ernestojerardo.com\/index.php\/wp-json\/wp\/v2\/posts"}],"about":[{"href":"https:\/\/ernestojerardo.com\/index.php\/wp-json\/wp\/v2\/types\/post"}],"author":[{"embeddable":true,"href":"https:\/\/ernestojerardo.com\/index.php\/wp-json\/wp\/v2\/users\/1"}],"replies":[{"embeddable":true,"href":"https:\/\/ernestojerardo.com\/index.php\/wp-json\/wp\/v2\/comments?post=239188"}],"version-history":[{"count":1,"href":"https:\/\/ernestojerardo.com\/index.php\/wp-json\/wp\/v2\/posts\/239188\/revisions"}],"predecessor-version":[{"id":239190,"href":"https:\/\/ernestojerardo.com\/index.php\/wp-json\/wp\/v2\/posts\/239188\/revisions\/239190"}],"wp:featuredmedia":[{"embeddable":true,"href":"https:\/\/ernestojerardo.com\/index.php\/wp-json\/wp\/v2\/media\/239189"}],"wp:attachment":[{"href":"https:\/\/ernestojerardo.com\/index.php\/wp-json\/wp\/v2\/media?parent=239188"}],"wp:term":[{"taxonomy":"category","embeddable":true,"href":"https:\/\/ernestojerardo.com\/index.php\/wp-json\/wp\/v2\/categories?post=239188"},{"taxonomy":"post_tag","embeddable":true,"href":"https:\/\/ernestojerardo.com\/index.php\/wp-json\/wp\/v2\/tags?post=239188"}],"curies":[{"name":"wp","href":"https:\/\/api.w.org\/{rel}","templated":true}]}}