{"id":239185,"date":"2026-09-03T11:54:30","date_gmt":"2026-09-03T16:54:30","guid":{"rendered":"https:\/\/ernestojerardo.com\/?p=239185"},"modified":"2026-09-03T11:54:32","modified_gmt":"2026-09-03T16:54:32","slug":"susy-diaz-fue-a-gamarra-para-hacerse-las-medidas-para-su-vestido-de-gala-antes-de-partir-a-espana","status":"publish","type":"post","link":"https:\/\/ernestojerardo.com\/index.php\/2026\/09\/03\/susy-diaz-fue-a-gamarra-para-hacerse-las-medidas-para-su-vestido-de-gala-antes-de-partir-a-espana\/","title":{"rendered":"Susy D\u00edaz fue a Gamarra para hacerse las medidas para su vestido de gala antes de partir a Espa\u00f1a"},"content":{"rendered":"\n<p class=\"wp-block-paragraph\"><strong>La popular rubia lucir\u00e1 un dise\u00f1o exclusivo de color rojo hecho por la dise\u00f1adora Yuliana Brisseyda.<\/strong><\/p>\n\n\n\n<p class=\"wp-block-paragraph\">Apostando firmemente por la industria nacional, la popular Susy D\u00edaz acudi\u00f3 al emporio comercial de Gamarra, en el distrito de La Victoria, para poner su vestuario en manos del talento local. Tras anunciar su pr\u00f3ximo viaje a Espa\u00f1a, la carism\u00e1tica figura p\u00fablica eligi\u00f3 a la dise\u00f1adora Yuliana Tarrillo, l\u00edder de la reconocida marca Doradas Chic, para confeccionar la prenda que lucir\u00e1 en el Viejo Continente.<\/p>\n\n\n\n<p class=\"wp-block-paragraph\">La artista visit\u00f3 personalmente el taller ubicado en la Galer\u00eda \u201cLos Fabricantes\u201d (Interior 1011, Piso 10). En el coraz\u00f3n de Gamarra, ambas seleccionaron las mejores telas para lograr un vestido espectacular digno de una estrella de Hollywood. El objetivo principal de la excongresista es deslumbrar en Europa e internacionalizar el dise\u00f1o peruano, demostrando el profundo orgullo que siente por la moda de su pa\u00eds.<\/p>\n\n\n\n<p class=\"wp-block-paragraph\">\u201cEstoy emocionada con todos los dise\u00f1os que me ha mostrado Yuliana, ella es toda una profesional y ya sue\u00f1o con mi vestido. Sin duda hay mucho talento en Gamarra y merece que sea visto a nivel internacional\u2019, afirm\u00f3 Susy D\u00edaz, resaltando la calidad y creatividad de los confeccionistas victorianos.<\/p>\n\n\n\n<p class=\"wp-block-paragraph\">Adem\u00e1s de lucir el dise\u00f1o de Gamarra en un importante homenaje, la creadora de las famosas \u00abdietas\u00bb aprovechar\u00e1 para tomarse unas vacaciones de un mes por su cumplea\u00f1os 63. En esta etapa de su vida, Susy prefiere mantenerse firmemente soltera porque su prioridad absoluta es disfrutar de la libertad.<\/p>\n\n\n\n<p class=\"wp-block-paragraph\">Fiel a su ingenio popular, la artista aprovech\u00f3 el anuncio en el emporio comercial para lanzar su nueva frase bandera: \u201cHay que disfrutar de la vida. Si el marido te deja, olvida y disfruta la vida; si te pusieron los cuernos, olvida y disfruta la vida. La vida es tan corta que \u00bfpara qu\u00e9 amargarse? No tengo miedo de decir mi edad, a mis 63 a\u00f1os me siento con mucha energ\u00eda para trabajar y viajar. \u00bfPareja? Por ahora no quiero saber nada, he tenido mala suerte con los hombres\u201d.<\/p>\n\n\n\n<p class=\"wp-block-paragraph\">Con esta filosof\u00eda de vida, la estrella televisiva se desconectar\u00e1 por completo de su recargada agenda laboral en la televisi\u00f3n y las redes sociales mientras recorre los paisajes europeos con orgullo peruano.<\/p>\n","protected":false},"excerpt":{"rendered":"<p>La popular rubia lucir\u00e1 un dise\u00f1o exclusivo de color rojo hecho por la dise\u00f1adora Yuliana Brisseyda. Apostando firmemente por la industria nacional, la popular Susy D\u00edaz acudi\u00f3 al emporio comercial de Gamarra, en el distrito de La Victoria, para poner su vestuario en manos del talento local. Tras anunciar su pr\u00f3ximo viaje a Espa\u00f1a, la [&hellip;]<\/p>\n","protected":false},"author":1,"featured_media":239186,"comment_status":"open","ping_status":"open","sticky":false,"template":"","format":"standard","meta":{"footnotes":""},"categories":[66,232],"tags":[11302,11307,11305,11298,6732,11300,11303,10950,11308],"class_list":["post-239185","post","type-post","status-publish","format-standard","has-post-thumbnail","hentry","category-ciudad","category-empresarial","tag-antes-de-partir","tag-disenadora","tag-diseno-exclusivo","tag-gamarra","tag-hecho","tag-medidas","tag-popular-rubia","tag-susy-diaz","tag-yuliana-brisseyda"],"_links":{"self":[{"href":"https:\/\/ernestojerardo.com\/index.php\/wp-json\/wp\/v2\/posts\/239185","targetHints":{"allow":["GET"]}}],"collection":[{"href":"https:\/\/ernestojerardo.com\/index.php\/wp-json\/wp\/v2\/posts"}],"about":[{"href":"https:\/\/ernestojerardo.com\/index.php\/wp-json\/wp\/v2\/types\/post"}],"author":[{"embeddable":true,"href":"https:\/\/ernestojerardo.com\/index.php\/wp-json\/wp\/v2\/users\/1"}],"replies":[{"embeddable":true,"href":"https:\/\/ernestojerardo.com\/index.php\/wp-json\/wp\/v2\/comments?post=239185"}],"version-history":[{"count":1,"href":"https:\/\/ernestojerardo.com\/index.php\/wp-json\/wp\/v2\/posts\/239185\/revisions"}],"predecessor-version":[{"id":239187,"href":"https:\/\/ernestojerardo.com\/index.php\/wp-json\/wp\/v2\/posts\/239185\/revisions\/239187"}],"wp:featuredmedia":[{"embeddable":true,"href":"https:\/\/ernestojerardo.com\/index.php\/wp-json\/wp\/v2\/media\/239186"}],"wp:attachment":[{"href":"https:\/\/ernestojerardo.com\/index.php\/wp-json\/wp\/v2\/media?parent=239185"}],"wp:term":[{"taxonomy":"category","embeddable":true,"href":"https:\/\/ernestojerardo.com\/index.php\/wp-json\/wp\/v2\/categories?post=239185"},{"taxonomy":"post_tag","embeddable":true,"href":"https:\/\/ernestojerardo.com\/index.php\/wp-json\/wp\/v2\/tags?post=239185"}],"curies":[{"name":"wp","href":"https:\/\/api.w.org\/{rel}","templated":true}]}}