{"id":239182,"date":"2026-09-02T21:38:00","date_gmt":"2026-09-03T02:38:00","guid":{"rendered":"https:\/\/ernestojerardo.com\/?p=239182"},"modified":"2026-09-03T11:44:22","modified_gmt":"2026-09-03T16:44:22","slug":"ikon-llega-por-primera-vez-al-peru-el-k-pop-toma-lima","status":"publish","type":"post","link":"https:\/\/ernestojerardo.com\/index.php\/2026\/09\/02\/ikon-llega-por-primera-vez-al-peru-el-k-pop-toma-lima\/","title":{"rendered":"iKon llega por primera vez al Per\u00fa: El K-pop toma Lima"},"content":{"rendered":"\n<p class=\"wp-block-paragraph\"><strong>La agrupaci\u00f3n surcoreana se presentar\u00e1 en el Anfiteatro del Parque de la Exposici\u00f3n como parte de su FOUREVER WORLD TOUR 2026. Entradas disponibles desde S\/187.<\/strong><\/p>\n\n\n\n<p class=\"wp-block-paragraph\">Lima se prepara para recibir por primera vez a <strong>iKON<\/strong>, una de las agrupaciones m\u00e1s reconocidas del K-pop, que llegar\u00e1 al Per\u00fa como parte de su <strong>FOUREVER WORLD TOUR 2026<\/strong> para ofrecer un esperado encuentro con sus seguidores peruanos.<\/p>\n\n\n\n<p class=\"wp-block-paragraph\">El concierto se realizar\u00e1 este s\u00e1bado <strong>5 de septiembre<\/strong>, en el <strong>Anfiteatro del Parque de la Exposici\u00f3n<\/strong>, en Lima, en una presentaci\u00f3n producida por <strong>SOUND MUSIC ENTERTAINMENT S.A.C.<\/strong><\/p>\n\n\n\n<p class=\"wp-block-paragraph\">Para esta primera presentaci\u00f3n en territorio peruano, <strong>JAY, SONG, BOBBY y CHAN<\/strong> ser\u00e1n los integrantes que subir\u00e1n al escenario para reencontrarse con sus seguidores internacionales y ofrecer un espect\u00e1culo que combinar\u00e1 m\u00fasica, coreograf\u00edas, producci\u00f3n audiovisual y momentos especialmente preparados para conectar con los <strong>iKONICS.<\/strong><\/p>\n\n\n\n<p class=\"wp-block-paragraph\"><strong>Entradas desde S\/187.<\/strong><\/p>\n\n\n\n<p class=\"wp-block-paragraph\">Los fan\u00e1ticos que todav\u00eda no han asegurado su ingreso pueden adquirir entradas <strong>desde S\/187 en la zona General<\/strong>, mientras que las dem\u00e1s localidades tienen precios de acuerdo con la ubicaci\u00f3n y los beneficios incluidos.<\/p>\n\n\n\n<p class=\"wp-block-paragraph\">Adem\u00e1s, existen <strong>paquetes con experiencias exclusivas desde S\/1,045<\/strong>, que pueden incluir beneficios como Hi-Touch, fotograf\u00edas grupales, fotograf\u00edas individuales, polaroids y otros, sujetos a disponibilidad y condiciones de cada paquete.<\/p>\n\n\n\n<p class=\"wp-block-paragraph\">Las entradas se encuentran disponibles a trav\u00e9s de <strong>Joinnus.com<\/strong><\/p>\n\n\n\n<p class=\"wp-block-paragraph\"><strong>Una noche esperada por los iKONICS.<\/strong><\/p>\n\n\n\n<p class=\"wp-block-paragraph\">Formado en Corea del Sur y debutando en 2015, <strong>iKON<\/strong> ha construido una importante comunidad internacional de seguidores, conocidos como <strong>iKONIC<\/strong>. Su propuesta combina K-pop, hip-hop, rap y coreograf\u00edas de alto impacto.<\/p>\n\n\n\n<p class=\"wp-block-paragraph\">Entre sus canciones m\u00e1s populares se encuentran <strong>\u201cLOVE SCENARIO\u201d, \u201cKILLING ME\u201d, \u201cRHYTHM TA\u201d, \u201cDUMB &amp; DUMBER\u201d, \u201cMY TYPE\u201d, \u201cGOODBYE ROAD\u201d, \u201cBLING BLING\u201d, \u201cBUT YOU\u201d y \u201cTANTARA\u201d. \u201cLOVE SCENARIO\u201d<\/strong>, considerada una de las canciones m\u00e1s representativas de la agrupaci\u00f3n, supera los <strong>750 millones de reproducciones en YouTube<\/strong>.<\/p>\n\n\n\n<p class=\"wp-block-paragraph\">La llegada de <strong>iKON<\/strong> tambi\u00e9n representa un nuevo cap\u00edtulo para la creciente comunidad del K-pop en el Per\u00fa y confirma a Lima como una de las ciudades que viene formando parte de las rutas internacionales de grandes artistas asi\u00e1ticos.<\/p>\n\n\n\n<p class=\"wp-block-paragraph\"><strong>\u201cPara SOUND MUSIC ENTERTAINMENT es un honor hacer posible la primera visita de iKON al Per\u00fa. Sabemos que los iKONICS peruanos han esperado durante mucho tiempo este encuentro y estamos trabajando junto con el equipo internacional del artista para ofrecerles una noche inolvidable\u201d, se\u00f1al\u00f3 Andr\u00e9 Prada Whiltimbury, CEO y Gerente General de SOUND MUSIC ENTERTAINMENT S.A.C.<\/strong><\/p>\n\n\n\n<p class=\"wp-block-paragraph\">Este s\u00e1bado <strong>5 de septiembre<\/strong>, <strong>iKON<\/strong> finalmente se encontrar\u00e1 con sus seguidores peruanos en una noche que promete estar cargada de m\u00fasica, energ\u00eda, coreograf\u00edas y los grandes \u00e9xitos de la agrupaci\u00f3n.<\/p>\n\n\n\n<p class=\"wp-block-paragraph\"><strong>ENT\u00c9RATE!!!<\/strong><\/p>\n\n\n\n<p class=\"wp-block-paragraph\"><strong>iKON \u2013 FOUREVER WORLD TOUR 2026.<\/strong><\/p>\n\n\n\n<p class=\"wp-block-paragraph\"><strong>S\u00e1bado 5 de septiembre de 2026.<\/strong><\/p>\n\n\n\n<p class=\"wp-block-paragraph\"><strong>Anfiteatro del Parque de la Exposici\u00f3n\u2013 Lima.<\/strong><\/p>\n\n\n\n<p class=\"wp-block-paragraph\"><strong>Entradas desde S\/187.<\/strong><\/p>\n\n\n\n<p class=\"wp-block-paragraph\"><strong>Venta oficial: Joinnus.com<\/strong><\/p>\n\n\n\n<p class=\"wp-block-paragraph\"><strong>Precios:<\/strong><\/p>\n\n\n\n<p class=\"wp-block-paragraph\"><strong>General: S\/187.<\/strong><\/p>\n\n\n\n<p class=\"wp-block-paragraph\"><strong>VIP 2: S\/307.<\/strong><\/p>\n\n\n\n<p class=\"wp-block-paragraph\"><strong>VIP 1: S\/494.<\/strong><\/p>\n\n\n\n<p class=\"wp-block-paragraph\"><strong>Platinum: S\/713.<\/strong><\/p>\n\n\n\n<p class=\"wp-block-paragraph\"><strong>Ikonics: S\/933.<\/strong><\/p>\n","protected":false},"excerpt":{"rendered":"<p>La agrupaci\u00f3n surcoreana se presentar\u00e1 en el Anfiteatro del Parque de la Exposici\u00f3n como parte de su FOUREVER WORLD TOUR 2026. Entradas disponibles desde S\/187. Lima se prepara para recibir por primera vez a iKON, una de las agrupaciones m\u00e1s reconocidas del K-pop, que llegar\u00e1 al Per\u00fa como parte de su FOUREVER WORLD TOUR 2026 [&hellip;]<\/p>\n","protected":false},"author":1,"featured_media":239183,"comment_status":"open","ping_status":"open","sticky":false,"template":"","format":"standard","meta":{"footnotes":""},"categories":[71,67,80],"tags":[11297,998,11295,11296,176,283,1562,4024],"class_list":["post-239182","post","type-post","status-publish","format-standard","has-post-thumbnail","hentry","category-conciertos","category-internacional","category-musica","tag-agrupacion-surcoreana","tag-anfiteatro-del-parque-de-la-exposicion","tag-ikon","tag-k-pop-toma","tag-llega","tag-peru","tag-por-primera-vez","tag-presentara"],"_links":{"self":[{"href":"https:\/\/ernestojerardo.com\/index.php\/wp-json\/wp\/v2\/posts\/239182","targetHints":{"allow":["GET"]}}],"collection":[{"href":"https:\/\/ernestojerardo.com\/index.php\/wp-json\/wp\/v2\/posts"}],"about":[{"href":"https:\/\/ernestojerardo.com\/index.php\/wp-json\/wp\/v2\/types\/post"}],"author":[{"embeddable":true,"href":"https:\/\/ernestojerardo.com\/index.php\/wp-json\/wp\/v2\/users\/1"}],"replies":[{"embeddable":true,"href":"https:\/\/ernestojerardo.com\/index.php\/wp-json\/wp\/v2\/comments?post=239182"}],"version-history":[{"count":1,"href":"https:\/\/ernestojerardo.com\/index.php\/wp-json\/wp\/v2\/posts\/239182\/revisions"}],"predecessor-version":[{"id":239184,"href":"https:\/\/ernestojerardo.com\/index.php\/wp-json\/wp\/v2\/posts\/239182\/revisions\/239184"}],"wp:featuredmedia":[{"embeddable":true,"href":"https:\/\/ernestojerardo.com\/index.php\/wp-json\/wp\/v2\/media\/239183"}],"wp:attachment":[{"href":"https:\/\/ernestojerardo.com\/index.php\/wp-json\/wp\/v2\/media?parent=239182"}],"wp:term":[{"taxonomy":"category","embeddable":true,"href":"https:\/\/ernestojerardo.com\/index.php\/wp-json\/wp\/v2\/categories?post=239182"},{"taxonomy":"post_tag","embeddable":true,"href":"https:\/\/ernestojerardo.com\/index.php\/wp-json\/wp\/v2\/tags?post=239182"}],"curies":[{"name":"wp","href":"https:\/\/api.w.org\/{rel}","templated":true}]}}