{"id":239167,"date":"2026-09-02T13:07:00","date_gmt":"2026-09-02T18:07:00","guid":{"rendered":"https:\/\/ernestojerardo.com\/?p=239167"},"modified":"2026-09-03T10:17:37","modified_gmt":"2026-09-03T15:17:37","slug":"la-alianza-francesa-de-los-olivos-te-invita-a-vivir-un-dia-de-experiencias-inmersivas-en-la-lengua-y-la-cultura","status":"publish","type":"post","link":"https:\/\/ernestojerardo.com\/index.php\/2026\/09\/02\/la-alianza-francesa-de-los-olivos-te-invita-a-vivir-un-dia-de-experiencias-inmersivas-en-la-lengua-y-la-cultura\/","title":{"rendered":"La Alianza Francesa de Los Olivos te invita a vivir un d\u00eda de experiencias inmersivas en la lengua y la cultura"},"content":{"rendered":"\n<p class=\"wp-block-paragraph\"><strong>Desde el s\u00e1bado 12 de setiembre el p\u00fablico lime\u00f1o podr\u00e1 disfrutar de una variedad de actividades culturales, ecol\u00f3gicas y art\u00edsticas en la filial del cono norte. El ingreso es libre.<\/strong><\/p>\n\n\n\n<p class=\"wp-block-paragraph\">La Alianza Francesa de Lima \u2013 sede Los Olivos invita al p\u00fablico a vivir una jornada l\u00fadica y estimulante en el evento \u201cPuertas Abiertas\u201d, en el que la cultura, la ecolog\u00eda y el arte cobran protagonismo, este s\u00e1bado 12 de septiembre de 9:00 a.m. a 5:00 p.m. Este programa de actividades permite disfrutar lo m\u00e1s destacado de la cultura francesa: M\u00fasica, gastronom\u00eda, arte, cine, juegos, clases de franc\u00e9s y actividades interactivas, en un ambiente festivo y din\u00e1mico.<\/p>\n\n\n\n<p class=\"wp-block-paragraph\">Los sabores inconfundibles de la gastronom\u00eda francesa se har\u00e1n presentes a trav\u00e9s de un peque\u00f1o mercado primaveral, as\u00ed como stands de cr\u00eapes, helados artesanales (Crepa Francesa) y otras especialidades de la cocina francesa (Fait Maison Lima).<\/p>\n\n\n\n<p class=\"wp-block-paragraph\">Adem\u00e1s, habr\u00e1 clases modelo de franc\u00e9s para p\u00faberes, adolescentes y adultos, as\u00ed como actividades interactivas: juegos de mesa, taller de collage primaveral, taller de jardiner\u00eda, taller de xil\u00f3fono, taller de pintura para ni\u00f1os, Kahoot sobre la cultura francesa y mucho m\u00e1s.<\/p>\n\n\n\n<p class=\"wp-block-paragraph\">Para los amantes del arte, la literatura y la cultura, habr\u00e1 un cuentacuentos musical, un karaoke en franc\u00e9s y la proyecci\u00f3n de una pel\u00edcula ideal para toda la familia: \u201cMaya, dame un t\u00edtulo\u201d, un encantador filme de animaci\u00f3n y comedia, dirigido por el galardonado cineasta franc\u00e9s Michel Gondry.<\/p>\n\n\n\n<p class=\"wp-block-paragraph\">A lo largo de la jornada el p\u00fablico asistente podr\u00e1 participar en sorteos y concursos para obtener becas para estudiar en la Alianza Francesa de Lima. Quienes se inscriban en el d\u00eda de las Puertas Abiertas, ganar\u00e1n un 20% de descuento para el mes de octubre y un 25% de descuento para el pack octubre-noviembre- diciembre.<\/p>\n\n\n\n<p class=\"wp-block-paragraph\">El ingreso a todos los eventos es libre. Toda la programaci\u00f3n est\u00e1 disponible en la web<\/p>\n\n\n\n<p class=\"wp-block-paragraph\">aflima.org.pe<br><br><strong>ENT\u00c9RATE!!!<br><\/strong>\u201cPuertas Abiertas\u201d.<\/p>\n\n\n\n<p class=\"wp-block-paragraph\">Lugar: Alianza Francesa de Lima &#8211; Sede Los Olivos.<\/p>\n\n\n\n<p class=\"wp-block-paragraph\">Direcci\u00f3n: Jr. Pancho Fierro 3498 Urb. Panamericana Norte, Los Olivos.<\/p>\n\n\n\n<p class=\"wp-block-paragraph\">Fecha: S\u00e1bado 12 de septiembre.<\/p>\n\n\n\n<p class=\"wp-block-paragraph\">Horario: 9:00 a.m. a 5:00 p.m.<\/p>\n\n\n\n<p class=\"wp-block-paragraph\">Ingreso libre.<\/p>\n","protected":false},"excerpt":{"rendered":"<p>Desde el s\u00e1bado 12 de setiembre el p\u00fablico lime\u00f1o podr\u00e1 disfrutar de una variedad de actividades culturales, ecol\u00f3gicas y art\u00edsticas en la filial del cono norte. El ingreso es libre. La Alianza Francesa de Lima \u2013 sede Los Olivos invita al p\u00fablico a vivir una jornada l\u00fadica y estimulante en el evento \u201cPuertas Abiertas\u201d, en [&hellip;]<\/p>\n","protected":false},"author":1,"featured_media":239168,"comment_status":"open","ping_status":"open","sticky":false,"template":"","format":"standard","meta":{"footnotes":""},"categories":[70,66,72,78,80],"tags":[11276,2682,3556,11277,324,2729,182,7462,1255],"class_list":["post-239167","post","type-post","status-publish","format-standard","has-post-thumbnail","hentry","category-cine","category-ciudad","category-cultural","category-gastronomia","category-musica","tag-alianza-francesa","tag-cultura","tag-dia","tag-experiencias-inmersivas","tag-invita","tag-los-olivos","tag-sabado","tag-septiembre","tag-vivir"],"_links":{"self":[{"href":"https:\/\/ernestojerardo.com\/index.php\/wp-json\/wp\/v2\/posts\/239167","targetHints":{"allow":["GET"]}}],"collection":[{"href":"https:\/\/ernestojerardo.com\/index.php\/wp-json\/wp\/v2\/posts"}],"about":[{"href":"https:\/\/ernestojerardo.com\/index.php\/wp-json\/wp\/v2\/types\/post"}],"author":[{"embeddable":true,"href":"https:\/\/ernestojerardo.com\/index.php\/wp-json\/wp\/v2\/users\/1"}],"replies":[{"embeddable":true,"href":"https:\/\/ernestojerardo.com\/index.php\/wp-json\/wp\/v2\/comments?post=239167"}],"version-history":[{"count":1,"href":"https:\/\/ernestojerardo.com\/index.php\/wp-json\/wp\/v2\/posts\/239167\/revisions"}],"predecessor-version":[{"id":239169,"href":"https:\/\/ernestojerardo.com\/index.php\/wp-json\/wp\/v2\/posts\/239167\/revisions\/239169"}],"wp:featuredmedia":[{"embeddable":true,"href":"https:\/\/ernestojerardo.com\/index.php\/wp-json\/wp\/v2\/media\/239168"}],"wp:attachment":[{"href":"https:\/\/ernestojerardo.com\/index.php\/wp-json\/wp\/v2\/media?parent=239167"}],"wp:term":[{"taxonomy":"category","embeddable":true,"href":"https:\/\/ernestojerardo.com\/index.php\/wp-json\/wp\/v2\/categories?post=239167"},{"taxonomy":"post_tag","embeddable":true,"href":"https:\/\/ernestojerardo.com\/index.php\/wp-json\/wp\/v2\/tags?post=239167"}],"curies":[{"name":"wp","href":"https:\/\/api.w.org\/{rel}","templated":true}]}}