{"id":239152,"date":"2026-09-02T04:15:00","date_gmt":"2026-09-02T09:15:00","guid":{"rendered":"https:\/\/ernestojerardo.com\/?p=239152"},"modified":"2026-09-03T09:32:32","modified_gmt":"2026-09-03T14:32:32","slug":"guilty-asko-despierta-con-un-nuevo-universo-de-reggaeton-con-bellakitogusilu","status":"publish","type":"post","link":"https:\/\/ernestojerardo.com\/index.php\/2026\/09\/02\/guilty-asko-despierta-con-un-nuevo-universo-de-reggaeton-con-bellakitogusilu\/","title":{"rendered":"Guilty Asko despierta con un nuevo universo de reggaet\u00f3n con \u201c#Bellakitogusil\u00fa\u201d"},"content":{"rendered":"\n<p class=\"wp-block-paragraph\"><strong>El artista espa\u00f1ol Guilty Asko<\/strong>&nbsp;presenta&nbsp;\u201c<strong>#BELLAKITOGUSIL\u00da\u201d<\/strong>, un nuevo \u00e1lbum compuesto por cinco canciones que exploran el reggaet\u00f3n, el malianteo, el deseo y la vida nocturna desde una perspectiva urbana, provocadora y cargada de personalidad.<\/p>\n\n\n\n<p class=\"wp-block-paragraph\">El proyecto fue construido en diferentes estudios de Espa\u00f1a. En&nbsp;<strong>Granada<\/strong>, junto a Danimoon, naci\u00f3 \u201cFavela\u201d; mientras que \u201cBellaka\u201d, \u201cEnxulao\u201d y \u201cLa Hija de Belceb\u00fa\u201d fueron trabajadas en&nbsp;<strong>Zaragoza<\/strong>&nbsp;junto a Attiko y SebyProd. \u201cMi Deseo\u201d, por su parte, fue creada en el estudio del propio artista junto a Attiko y Fat.B.<\/p>\n\n\n\n<p class=\"wp-block-paragraph\">Musicalmente,&nbsp;\u201c<strong>#BELLAKITOGUSIL\u00da\u201d<\/strong> apuesta por un reggaet\u00f3n sensual, callejero y juguet\u00f3n, acompa\u00f1ado de arpegios personales y una est\u00e9tica urbana oscura. El \u00e1lbum convierte la noche, el deseo y el exceso en un universo propio, donde la diversi\u00f3n y la provocaci\u00f3n conviven con una historia de obsesi\u00f3n y dependencia emocional.<\/p>\n\n\n\n<p class=\"wp-block-paragraph\">La producci\u00f3n musical re\u00fane a&nbsp;<strong>Attiko, Danimoon, SebyProd y Gsmile<\/strong>, con la participaci\u00f3n de&nbsp;<strong>Fat.B<\/strong>&nbsp;como artista invitado. El proyecto tambi\u00e9n cuenta con el v\u00eddeo clip de&nbsp;<strong>\u201cMi Deseo\u201d ft. Fat.B<\/strong>, dirigido por Guilty Asko y Blessed Shameless, con escenas grabadas en Kadrit Hotel y en un plat\u00f3 de est\u00e9tica negra.<\/p>\n\n\n\n<p class=\"wp-block-paragraph\">Para Guilty Asko, este lanzamiento representa&nbsp;<strong>\u201cun antes y un despu\u00e9s\u201d<\/strong>&nbsp;en su carrera y en la construcci\u00f3n de su personaje art\u00edstico. #BELLAKITOGUSIL\u00da marca el inicio de una nueva etapa creativa en la que el artista asegura haber encontrado su camino y prepara la expansi\u00f3n del&nbsp;<strong>\u201cuniverso Gusil\u00fa\u201d<\/strong>.<\/p>\n\n\n\n<p class=\"wp-block-paragraph\">Con una propuesta que mezcla reggaet\u00f3n picante, romance, humor, deseo y una actitud descarada, Guilty Asko busca convertir \u201c#BELLAKITOGUSIL\u00da\u201d en una experiencia que invite a bailar, ligar, disfrutar y reconocerse en esa contradicci\u00f3n de querer soltar a alguien mientras se est\u00e1 cada vez m\u00e1s \u201cpillado\u201d.<\/p>\n\n\n\n<figure class=\"wp-block-embed is-type-video is-provider-youtube wp-block-embed-youtube wp-embed-aspect-16-9 wp-has-aspect-ratio\"><div class=\"wp-block-embed__wrapper\">\n<div class=\"jlvid_container \"><iframe title=\"MI DESEO - GUILTY ASKO X FAT.B (PROD. ATTIKO)\" width=\"1200\" height=\"675\" src=\"https:\/\/www.youtube.com\/embed\/dRtJRuDHtGk?feature=oembed\" frameborder=\"0\" allow=\"accelerometer; autoplay; clipboard-write; encrypted-media; gyroscope; picture-in-picture; web-share\" referrerpolicy=\"strict-origin-when-cross-origin\" allowfullscreen><\/iframe><\/div>\n<\/div><\/figure>\n","protected":false},"excerpt":{"rendered":"<p>El artista espa\u00f1ol Guilty Asko&nbsp;presenta&nbsp;\u201c#BELLAKITOGUSIL\u00da\u201d, un nuevo \u00e1lbum compuesto por cinco canciones que exploran el reggaet\u00f3n, el malianteo, el deseo y la vida nocturna desde una perspectiva urbana, provocadora y cargada de personalidad. El proyecto fue construido en diferentes estudios de Espa\u00f1a. En&nbsp;Granada, junto a Danimoon, naci\u00f3 \u201cFavela\u201d; mientras que \u201cBellaka\u201d, \u201cEnxulao\u201d y \u201cLa Hija [&hellip;]<\/p>\n","protected":false},"author":1,"featured_media":239153,"comment_status":"open","ping_status":"open","sticky":false,"template":"","format":"standard","meta":{"footnotes":""},"categories":[68,67,80,272],"tags":[11255,6305,11256,11257,8510],"class_list":["post-239152","post","type-post","status-publish","format-standard","has-post-thumbnail","hentry","category-avant-premiere","category-internacional","category-musica","category-video-clip","tag-bellakitogusilu","tag-despierta","tag-guilty-asko","tag-nuevo-universo","tag-reggaeton"],"_links":{"self":[{"href":"https:\/\/ernestojerardo.com\/index.php\/wp-json\/wp\/v2\/posts\/239152","targetHints":{"allow":["GET"]}}],"collection":[{"href":"https:\/\/ernestojerardo.com\/index.php\/wp-json\/wp\/v2\/posts"}],"about":[{"href":"https:\/\/ernestojerardo.com\/index.php\/wp-json\/wp\/v2\/types\/post"}],"author":[{"embeddable":true,"href":"https:\/\/ernestojerardo.com\/index.php\/wp-json\/wp\/v2\/users\/1"}],"replies":[{"embeddable":true,"href":"https:\/\/ernestojerardo.com\/index.php\/wp-json\/wp\/v2\/comments?post=239152"}],"version-history":[{"count":1,"href":"https:\/\/ernestojerardo.com\/index.php\/wp-json\/wp\/v2\/posts\/239152\/revisions"}],"predecessor-version":[{"id":239154,"href":"https:\/\/ernestojerardo.com\/index.php\/wp-json\/wp\/v2\/posts\/239152\/revisions\/239154"}],"wp:featuredmedia":[{"embeddable":true,"href":"https:\/\/ernestojerardo.com\/index.php\/wp-json\/wp\/v2\/media\/239153"}],"wp:attachment":[{"href":"https:\/\/ernestojerardo.com\/index.php\/wp-json\/wp\/v2\/media?parent=239152"}],"wp:term":[{"taxonomy":"category","embeddable":true,"href":"https:\/\/ernestojerardo.com\/index.php\/wp-json\/wp\/v2\/categories?post=239152"},{"taxonomy":"post_tag","embeddable":true,"href":"https:\/\/ernestojerardo.com\/index.php\/wp-json\/wp\/v2\/tags?post=239152"}],"curies":[{"name":"wp","href":"https:\/\/api.w.org\/{rel}","templated":true}]}}