{"id":239142,"date":"2026-09-02T01:55:00","date_gmt":"2026-09-02T06:55:00","guid":{"rendered":"https:\/\/ernestojerardo.com\/?p=239142"},"modified":"2026-09-03T09:01:04","modified_gmt":"2026-09-03T14:01:04","slug":"mixtra-presenta-su-primer-capitulo-musical-con-manos-al-fuego","status":"publish","type":"post","link":"https:\/\/ernestojerardo.com\/index.php\/2026\/09\/02\/mixtra-presenta-su-primer-capitulo-musical-con-manos-al-fuego\/","title":{"rendered":"\u00abMixtra\u00bb presenta su primer cap\u00edtulo musical con \u201cManos al Fuego\u201d"},"content":{"rendered":"\n<p class=\"wp-block-paragraph\"><strong>Santiago Posada comienza oficialmente su carrera con una propuesta que apuesta por convertir experiencias en canciones y por construir, desde el primer lanzamiento, una identidad art\u00edstica propia.<\/strong><\/p>\n\n\n\n<p class=\"wp-block-paragraph\">Hay artistas que comienzan una carrera buscando primero hacerse escuchar. Mixtra comienza con una intenci\u00f3n diferente:\u00a0<strong>Tener algo que contar<\/strong>. Santiago Posada presenta oficialmente su proyecto musical bajo el nombre de\u00a0\u00ab<strong>Mixtra\u00bb\u00a0<\/strong>con\u00a0<strong>\u201cManos al Fuego\u201d<\/strong>, su primera canci\u00f3n, una historia sobre la amistad, la entrega y la decepci\u00f3n que aparece cuando descubrimos que no todos est\u00e1n dispuestos a dar lo mismo que nosotros hemos dado.<\/p>\n\n\n\n<p class=\"wp-block-paragraph\">La canci\u00f3n representa el punto de partida de un proyecto que tiene como prop\u00f3sito&nbsp;<strong>contar historias&nbsp;a&nbsp;trav\u00e9s&nbsp;de&nbsp;la&nbsp;m\u00fasica<\/strong>.&nbsp;Una&nbsp;idea&nbsp;que&nbsp;tambi\u00e9n&nbsp;define&nbsp;el&nbsp;concepto&nbsp;de&nbsp;Mixtra:&nbsp;<strong>\u201cDonde&nbsp;las historias cobran vida\u201d<\/strong>.<\/p>\n\n\n\n<p class=\"wp-block-paragraph\">\u201cManos al Fuego\u201d fue producida por el reconocido productor&nbsp;<strong>Mono Betancur&nbsp;<\/strong>y llega acompa\u00f1ada de un video oficial disponible en&nbsp;<strong>VEVO<\/strong>, concebido desde una est\u00e9tica cinematogr\u00e1fica, \u00edntima y cercana.<\/p>\n\n\n\n<p class=\"wp-block-paragraph\">Lejos de buscar una producci\u00f3n visual sobrecargada para presentar a un artista que apenas comienza, Mixtra apuesta por una narrativa audiovisual en la que la sencillez se convierte en parte fundamental del lenguaje del proyecto. La fotograf\u00eda, la interpretaci\u00f3n y la atm\u00f3sfera del video&nbsp;construyen&nbsp;una&nbsp;pieza&nbsp;que&nbsp;pone&nbsp;la&nbsp;historia&nbsp;y&nbsp;al&nbsp;artista&nbsp;en&nbsp;el&nbsp;centro,&nbsp;dejando&nbsp;espacio&nbsp;para&nbsp;que la canci\u00f3n sea quien marque el tono.<\/p>\n\n\n\n<p class=\"wp-block-paragraph\">El lanzamiento de \u00abMixtra\u00bb tambi\u00e9n tuvo un primer encuentro con el p\u00fablico en Colombia. El evento se realiz\u00f3 de manera\u00a0<strong>\u00edntima<\/strong>, acompa\u00f1ado por personas cercanas al proyecto y por\u00a0<strong>Alejandro Londo\u00f1o<\/strong>, artista, director y fundador de\u00a0<strong>AL FOR ARTISTS<\/strong>, quien acompa\u00f1a y asesora a Mixtra en el desarrollo de esta nueva etapa.<\/p>\n\n\n\n<p class=\"wp-block-paragraph\">Para\u00a0Londo\u00f1o,\u00a0este\u00a0proyecto\u00a0representa\u00a0la\u00a0oportunidad\u00a0de\u00a0acompa\u00f1ar\u00a0desde\u00a0sus\u00a0primeros\u00a0pasos\u00a0la construcci\u00f3n de una propuesta art\u00edstica con una identidad definida y una visi\u00f3n de largo plazo. Y\u00a0mientras \u201cManos al Fuego\u201d comienza a presentar a Mixtra ante el p\u00fablico, el artista ya trabaja en su siguiente historia.<\/p>\n\n\n\n<p class=\"wp-block-paragraph\">Su\u00a0<strong>segunda canci\u00f3n llegar\u00e1 pr\u00f3ximamente\u00a0<\/strong>y estar\u00e1 inspirada en el\u00a0<strong>terremoto ocurrido en Colombia<\/strong>, llevando su propuesta un paso m\u00e1s all\u00e1: Transformar no solamente experiencias personales, sino tambi\u00e9n acontecimientos que atraviesan a una sociedad, en relatos musicales.<\/p>\n\n\n\n<p class=\"wp-block-paragraph\">Con un equipo que respalda su comienzo, una producci\u00f3n musical de alto nivel y una identidad visual construida desde el primer lanzamiento,\u00a0\u00ab<strong>Mixtra\u00bb inicia su recorrido en la industria con\u00a0la intenci\u00f3n de desarrollar una carrera alrededor de las historias que todav\u00eda tiene por\u00a0contar<\/strong>.<\/p>\n\n\n\n<p class=\"wp-block-paragraph\">Este&nbsp;es&nbsp;apenas&nbsp;el&nbsp;comienzo.<\/p>\n\n\n\n<figure class=\"wp-block-embed is-type-video is-provider-youtube wp-block-embed-youtube wp-embed-aspect-16-9 wp-has-aspect-ratio\"><div class=\"wp-block-embed__wrapper\">\n<div class=\"jlvid_container \"><iframe title=\"Mixtra - Manos Al Fuego (Video Oficial)\" width=\"1200\" height=\"675\" src=\"https:\/\/www.youtube.com\/embed\/OMf6KMzB0GM?feature=oembed\" frameborder=\"0\" allow=\"accelerometer; autoplay; clipboard-write; encrypted-media; gyroscope; picture-in-picture; web-share\" referrerpolicy=\"strict-origin-when-cross-origin\" allowfullscreen><\/iframe><\/div>\n<\/div><\/figure>\n","protected":false},"excerpt":{"rendered":"<p>Santiago Posada comienza oficialmente su carrera con una propuesta que apuesta por convertir experiencias en canciones y por construir, desde el primer lanzamiento, una identidad art\u00edstica propia. Hay artistas que comienzan una carrera buscando primero hacerse escuchar. Mixtra comienza con una intenci\u00f3n diferente:\u00a0Tener algo que contar. Santiago Posada presenta oficialmente su proyecto musical bajo el [&hellip;]<\/p>\n","protected":false},"author":1,"featured_media":239143,"comment_status":"open","ping_status":"open","sticky":false,"template":"","format":"standard","meta":{"footnotes":""},"categories":[68,67,80,272],"tags":[2386,1332,11243,11240,3313,189,11241,3991,11244],"class_list":["post-239142","post","type-post","status-publish","format-standard","has-post-thumbnail","hentry","category-avant-premiere","category-internacional","category-musica","category-video-clip","tag-carrera","tag-comienza","tag-manos-al-fuego","tag-mixtra","tag-oficialmente","tag-presenta","tag-primer-capitulo","tag-propuesta","tag-santiago-posada"],"_links":{"self":[{"href":"https:\/\/ernestojerardo.com\/index.php\/wp-json\/wp\/v2\/posts\/239142","targetHints":{"allow":["GET"]}}],"collection":[{"href":"https:\/\/ernestojerardo.com\/index.php\/wp-json\/wp\/v2\/posts"}],"about":[{"href":"https:\/\/ernestojerardo.com\/index.php\/wp-json\/wp\/v2\/types\/post"}],"author":[{"embeddable":true,"href":"https:\/\/ernestojerardo.com\/index.php\/wp-json\/wp\/v2\/users\/1"}],"replies":[{"embeddable":true,"href":"https:\/\/ernestojerardo.com\/index.php\/wp-json\/wp\/v2\/comments?post=239142"}],"version-history":[{"count":1,"href":"https:\/\/ernestojerardo.com\/index.php\/wp-json\/wp\/v2\/posts\/239142\/revisions"}],"predecessor-version":[{"id":239144,"href":"https:\/\/ernestojerardo.com\/index.php\/wp-json\/wp\/v2\/posts\/239142\/revisions\/239144"}],"wp:featuredmedia":[{"embeddable":true,"href":"https:\/\/ernestojerardo.com\/index.php\/wp-json\/wp\/v2\/media\/239143"}],"wp:attachment":[{"href":"https:\/\/ernestojerardo.com\/index.php\/wp-json\/wp\/v2\/media?parent=239142"}],"wp:term":[{"taxonomy":"category","embeddable":true,"href":"https:\/\/ernestojerardo.com\/index.php\/wp-json\/wp\/v2\/categories?post=239142"},{"taxonomy":"post_tag","embeddable":true,"href":"https:\/\/ernestojerardo.com\/index.php\/wp-json\/wp\/v2\/tags?post=239142"}],"curies":[{"name":"wp","href":"https:\/\/api.w.org\/{rel}","templated":true}]}}