{"id":239121,"date":"2026-09-01T21:04:00","date_gmt":"2026-09-02T02:04:00","guid":{"rendered":"https:\/\/ernestojerardo.com\/?p=239121"},"modified":"2026-09-02T08:20:44","modified_gmt":"2026-09-02T13:20:44","slug":"fernando-armas-hay-muchas-razones-para-celebrar","status":"publish","type":"post","link":"https:\/\/ernestojerardo.com\/index.php\/2026\/09\/01\/fernando-armas-hay-muchas-razones-para-celebrar\/","title":{"rendered":"Fernando Armas: \u201cHay muchas razones para celebrar\u201d"},"content":{"rendered":"\n<p class=\"wp-block-paragraph\"><strong>Foto: Ernesto Jerardo<\/strong><\/p>\n\n\n\n<p class=\"wp-block-paragraph\"><strong>Comediante festejar\u00e1 \u201c36 a\u00f1os de pura risa\u201d este viernes 4 de septiembre en Centro de Convenciones Bianca en Barranco<\/strong>.<\/p>\n\n\n\n<p class=\"wp-block-paragraph\"><br>El exitoso comediante peruano Fernando Armas estren\u00f3 imitaci\u00f3n del Pap\u00e1 Le\u00f3n XIV que formar\u00e1 parte del espect\u00e1culo \u201c36 a\u00f1os de pura risa\u201d, que se presentar\u00e1 el viernes 4 de septiembre a las 8 de la noche en el Centro de Convenciones Bianca en Barranco. Entradas a la venta en Teleticket.<\/p>\n\n\n\n<p class=\"wp-block-paragraph\">Armas ofreci\u00f3 una exitosa rueda de prensa junto a sus amigos artistas Silvia Bardales, Patricia Alquinta, Kike Suero, Estrella Torres, Marcela Luna, Julio Zevallos y Natali Ram\u00edrez, ex Son del Duke, que tuvieron palabras de apoyo y agradecimiento por los 36 a\u00f1os del comediante.<\/p>\n\n\n\n<p class=\"wp-block-paragraph\">\u201cHay muchas razones para celebrar, yo quiero seguir disfrutando de la vida y haciendo lo que m\u00e1s me gusta. Los momentos en familia, con salud. Cuando cumpl\u00ed los 50 a\u00f1os, me cre\u00eda un hombre de hierro, pero ahora estoy haciendo cosas que ya no necesitaba\u201d, coment\u00f3 el artista.<\/p>\n\n\n\n<p class=\"wp-block-paragraph\">Disfruta y recorre con el comediante sus 36 a\u00f1os de vida art\u00edstica con sus diversos personajes. R\u00ede con sus personajes desde el inicio de su carrera hasta estos d\u00edas. Te prometemos una noche de risas y recuerdos. Habr\u00e1 interacci\u00f3n, canciones, premios y muchas sorpresas. Las risas son 100% garantizadas.<\/p>\n\n\n\n<p class=\"wp-block-paragraph\">Armas es actor c\u00f3mico e imitador peruano de radio y televisi\u00f3n. Ha participado en diversos programas humor\u00edsticos, entre ellos \u201cRisas y salsa\u201d, \u201cRisas de Am\u00e9rica\u201d, \u00abComediando\u00bb, \u00abLos chistosos\u00bb y \u00abLos exitosos del humor\u00bb. Actualmente trabaja en \u00abEl reventonazo de la Chola\u00bb, que se transmite en Am\u00e9rica Televisi\u00f3n.<\/p>\n\n\n\n<p class=\"wp-block-paragraph\">Usted no puede perderse el espect\u00e1culo \u201c36 a\u00f1os de pura risa\u201d con Fernando Armas, este viernes 4 de septiembre a las 8 de la noche en el Centro de Convenciones Bianca en Barranco (Av. Grau 135, Barranco). Entradas a la venta en Teleticket.<\/p>\n\n\n\n<p class=\"wp-block-paragraph\"><strong>Redes Sociales.<\/strong><\/p>\n\n\n\n<p class=\"wp-block-paragraph\"><strong>Facebook, Instagram y Tik Tok:<\/strong><\/p>\n\n\n\n<p class=\"wp-block-paragraph\">Fernando Armas Oficial<\/p>\n\n\n\n<p class=\"wp-block-paragraph\"><strong>Entradas en Teleticket.<\/strong><\/p>\n\n\n\n<figure class=\"wp-block-embed\"><div class=\"wp-block-embed__wrapper\">\nhttps:\/\/teleticket.com.pe\/evento\/36-anios-de-puras-risas-con-fernando-armas-cc-bianca\n<\/div><\/figure>\n","protected":false},"excerpt":{"rendered":"<p>Foto: Ernesto Jerardo Comediante festejar\u00e1 \u201c36 a\u00f1os de pura risa\u201d este viernes 4 de septiembre en Centro de Convenciones Bianca en Barranco. El exitoso comediante peruano Fernando Armas estren\u00f3 imitaci\u00f3n del Pap\u00e1 Le\u00f3n XIV que formar\u00e1 parte del espect\u00e1culo \u201c36 a\u00f1os de pura risa\u201d, que se presentar\u00e1 el viernes 4 de septiembre a las 8 [&hellip;]<\/p>\n","protected":false},"author":1,"featured_media":239122,"comment_status":"open","ping_status":"open","sticky":false,"template":"","format":"standard","meta":{"footnotes":""},"categories":[75,93],"tags":[11219,10681,11222,11218,1398,11216,11217,11221,11220],"class_list":["post-239121","post","type-post","status-publish","format-standard","has-post-thumbnail","hentry","category-escenario","category-web","tag-estrella-torres","tag-fernando-armas","tag-julio-zevallos","tag-kike-suero","tag-marcela-luna","tag-muchas-razones","tag-para-celebrar","tag-patricia-alquinta","tag-silvia-bardales"],"_links":{"self":[{"href":"https:\/\/ernestojerardo.com\/index.php\/wp-json\/wp\/v2\/posts\/239121","targetHints":{"allow":["GET"]}}],"collection":[{"href":"https:\/\/ernestojerardo.com\/index.php\/wp-json\/wp\/v2\/posts"}],"about":[{"href":"https:\/\/ernestojerardo.com\/index.php\/wp-json\/wp\/v2\/types\/post"}],"author":[{"embeddable":true,"href":"https:\/\/ernestojerardo.com\/index.php\/wp-json\/wp\/v2\/users\/1"}],"replies":[{"embeddable":true,"href":"https:\/\/ernestojerardo.com\/index.php\/wp-json\/wp\/v2\/comments?post=239121"}],"version-history":[{"count":1,"href":"https:\/\/ernestojerardo.com\/index.php\/wp-json\/wp\/v2\/posts\/239121\/revisions"}],"predecessor-version":[{"id":239123,"href":"https:\/\/ernestojerardo.com\/index.php\/wp-json\/wp\/v2\/posts\/239121\/revisions\/239123"}],"wp:featuredmedia":[{"embeddable":true,"href":"https:\/\/ernestojerardo.com\/index.php\/wp-json\/wp\/v2\/media\/239122"}],"wp:attachment":[{"href":"https:\/\/ernestojerardo.com\/index.php\/wp-json\/wp\/v2\/media?parent=239121"}],"wp:term":[{"taxonomy":"category","embeddable":true,"href":"https:\/\/ernestojerardo.com\/index.php\/wp-json\/wp\/v2\/categories?post=239121"},{"taxonomy":"post_tag","embeddable":true,"href":"https:\/\/ernestojerardo.com\/index.php\/wp-json\/wp\/v2\/tags?post=239121"}],"curies":[{"name":"wp","href":"https:\/\/api.w.org\/{rel}","templated":true}]}}