{"id":239117,"date":"2026-08-31T18:59:00","date_gmt":"2026-08-31T23:59:00","guid":{"rendered":"https:\/\/ernestojerardo.com\/?p=239117"},"modified":"2026-09-01T13:07:14","modified_gmt":"2026-09-01T18:07:14","slug":"actores-de-el-jefe-del-jefe-dieron-detalles-de-la-obra-en-conferencia-de-prensa","status":"publish","type":"post","link":"https:\/\/ernestojerardo.com\/index.php\/2026\/08\/31\/actores-de-el-jefe-del-jefe-dieron-detalles-de-la-obra-en-conferencia-de-prensa\/","title":{"rendered":"Actores de \u201cEl jefe del jefe\u201d dieron detalles de la obra en conferencia de prensa"},"content":{"rendered":"\n<p class=\"wp-block-paragraph\">En la conferencia de prensa de la obra \u201cEl Jefe del Jefe\u201d de Lars Von Trier reuni\u00f3 a todo el elenco integrado por Sergio Galliani, Miguel Iza, Airam Galliani, Franco Iza, Andrea Aguirre y Joaqu\u00edn Escobar, que se estrena este jueves 10 de septiembre en Multiteatro Movistar y fue por dos a\u00f1os furor en Argentina. Dirigida por Diego Oria.<\/p>\n\n\n\n<p class=\"wp-block-paragraph\">Sergio Galliani y su hija Airam disfrutan esta oportunidad de poder trabajar juntos por primera vez en un mismo escenario. Actor afirma que se divierten mucho trabajando juntos en \u201cEl jefe del jefe\u201d y ella dice que este es un regalo que no tienen muchas personas.<\/p>\n\n\n\n<p class=\"wp-block-paragraph\">Sergio Galliani afirm\u00f3 que est\u00e1 feliz de compartir escenario con su hija Airam en la obra \u201cEl Jefe del Jefe\u201d. \u201cHe ido viendo la madurez de su trabajo, que nos ha llevado a este momento. Y en realidad yo me divierto mucho y la paso mucho mejor teniendo una persona de mi confianza. Ella como actriz tiene una vitalidad y una potencia, que a m\u00ed me hace recordar mucho cuando yo ten\u00eda esa edad. Ahora digamos que estamos con el tiempo y las ganas tambi\u00e9n para hacerlo, es algo maravilloso\u201d.<\/p>\n\n\n\n<p class=\"wp-block-paragraph\">Airam: \u201cSoy la \u00fanica de sus 5 hijos que es actriz, y sab\u00eda que iba a ser bien retador. Sab\u00eda que igual ten\u00eda que pasar por mi propio proceso de aprendizaje, equivocarme, encontrar mi propio camino\u201d.<\/p>\n\n\n\n<p class=\"wp-block-paragraph\"><strong>La obra.<\/strong><\/p>\n\n\n\n<p class=\"wp-block-paragraph\">Una oficina, un gran secreto y una mentira que est\u00e1 a punto de salirse de control re\u00fanen en el escenario del Multiteatro Movistar de Surco a los primeros actores, desde el jueves 10 de septiembre.<\/p>\n\n\n\n<p class=\"wp-block-paragraph\">Otra pareja padre e hijo son los actores Miguel y Franco Iza&nbsp; quienes tambi\u00e9n estar\u00e1n juntos en un escenario por segunda vez, anteriormente participaron en dos temporadas de la obra \u201cGoteras\u201d con mucho \u00e9xito. Entradas en Teleticket.<\/p>\n","protected":false},"excerpt":{"rendered":"<p>En la conferencia de prensa de la obra \u201cEl Jefe del Jefe\u201d de Lars Von Trier reuni\u00f3 a todo el elenco integrado por Sergio Galliani, Miguel Iza, Airam Galliani, Franco Iza, Andrea Aguirre y Joaqu\u00edn Escobar, que se estrena este jueves 10 de septiembre en Multiteatro Movistar y fue por dos a\u00f1os furor en Argentina. [&hellip;]<\/p>\n","protected":false},"author":1,"featured_media":239118,"comment_status":"open","ping_status":"open","sticky":false,"template":"","format":"standard","meta":{"footnotes":""},"categories":[72,2666,88],"tags":[4875,11211,11213,11215,11212,224,786,788],"class_list":["post-239117","post","type-post","status-publish","format-standard","has-post-thumbnail","hentry","category-cultural","category-detras-de-escena","category-teatro","tag-actores","tag-airam-galliani","tag-andrea-aguirre","tag-dieron-detalles","tag-franco-iza","tag-joaquin-escobar","tag-miguel-iza","tag-sergio-galliani"],"_links":{"self":[{"href":"https:\/\/ernestojerardo.com\/index.php\/wp-json\/wp\/v2\/posts\/239117","targetHints":{"allow":["GET"]}}],"collection":[{"href":"https:\/\/ernestojerardo.com\/index.php\/wp-json\/wp\/v2\/posts"}],"about":[{"href":"https:\/\/ernestojerardo.com\/index.php\/wp-json\/wp\/v2\/types\/post"}],"author":[{"embeddable":true,"href":"https:\/\/ernestojerardo.com\/index.php\/wp-json\/wp\/v2\/users\/1"}],"replies":[{"embeddable":true,"href":"https:\/\/ernestojerardo.com\/index.php\/wp-json\/wp\/v2\/comments?post=239117"}],"version-history":[{"count":1,"href":"https:\/\/ernestojerardo.com\/index.php\/wp-json\/wp\/v2\/posts\/239117\/revisions"}],"predecessor-version":[{"id":239119,"href":"https:\/\/ernestojerardo.com\/index.php\/wp-json\/wp\/v2\/posts\/239117\/revisions\/239119"}],"wp:featuredmedia":[{"embeddable":true,"href":"https:\/\/ernestojerardo.com\/index.php\/wp-json\/wp\/v2\/media\/239118"}],"wp:attachment":[{"href":"https:\/\/ernestojerardo.com\/index.php\/wp-json\/wp\/v2\/media?parent=239117"}],"wp:term":[{"taxonomy":"category","embeddable":true,"href":"https:\/\/ernestojerardo.com\/index.php\/wp-json\/wp\/v2\/categories?post=239117"},{"taxonomy":"post_tag","embeddable":true,"href":"https:\/\/ernestojerardo.com\/index.php\/wp-json\/wp\/v2\/tags?post=239117"}],"curies":[{"name":"wp","href":"https:\/\/api.w.org\/{rel}","templated":true}]}}