{"id":239114,"date":"2026-09-01T12:50:56","date_gmt":"2026-09-01T17:50:56","guid":{"rendered":"https:\/\/ernestojerardo.com\/?p=239114"},"modified":"2026-09-01T12:50:58","modified_gmt":"2026-09-01T17:50:58","slug":"fallecio-a-los-90-anos-edith-barr-la-flor-morena-de-la-cancion-criolla","status":"publish","type":"post","link":"https:\/\/ernestojerardo.com\/index.php\/2026\/09\/01\/fallecio-a-los-90-anos-edith-barr-la-flor-morena-de-la-cancion-criolla\/","title":{"rendered":"Falleci\u00f3 a los 90 a\u00f1os Edith Barr, la \u00abFlor Morena de la Canci\u00f3n Criolla\u00bb"},"content":{"rendered":"\n<p class=\"wp-block-paragraph\"><strong>Fuente: <a href=\"http:\/\/www.rpp.pe\">www.rpp.pe<\/a><\/strong><\/p>\n\n\n\n<h2 class=\"wp-block-heading\">\u00abCon su inconfundible voz, talento y pasi\u00f3n por nuestra m\u00fasica, dej\u00f3 una huella imborrable en la historia de la&nbsp;<a href=\"https:\/\/rpp.pe\/noticias\/musica-criolla\" target=\"_blank\" rel=\"noopener\">canci\u00f3n criolla<\/a>\u00ab, indic\u00f3 la Sociedad Nacional de Int\u00e9rpretes y Ejecutantes de la M\u00fasica (<strong>SONIEM<\/strong>).<\/h2>\n\n\n\n<h2 class=\"wp-block-heading\">&nbsp;<\/h2>\n\n\n\n<p class=\"wp-block-paragraph\">La cantante peruana&nbsp;<strong>Nora Edith Barr Garc\u00eda<\/strong>&nbsp;o simplemente conocida como&nbsp;<a href=\"https:\/\/rpp.pe\/noticias\/edith-barr\" target=\"_blank\" rel=\"noopener\"><strong>Edith Barr<\/strong><\/a>, falleci\u00f3 a los 90 a\u00f1os. La noticia fue confirmada este martes por su hija,&nbsp;<strong>Mily Salvany<\/strong>, quien tambi\u00e9n inform\u00f3 que el artista&nbsp;<a href=\"https:\/\/www.facebook.com\/rzuzunaga\" target=\"_blank\" rel=\"noopener\">Ronny Zuzunaga<\/a>&nbsp;ser\u00e1 el portavoz de la familia y comunicar\u00e1 los detalles del sepelio.<\/p>\n\n\n\n<p class=\"wp-block-paragraph\">\u00abQueridos amigos: Lamento comunicarles el sensible fallecimiento de mi querida mam\u00e1, Edith Barr. En breve, estaremos informando los detalles de su sepelio. El se\u00f1or Ronny Zuzunaga ser\u00e1 el portavoz de la familia. Muchas gracias\u00bb, escribi\u00f3 Salvany en sus redes sociales.<\/p>\n\n\n\n<p class=\"wp-block-paragraph\">Poco despu\u00e9s, la Sociedad Nacional de Int\u00e9rpretes y Ejecutantes de la M\u00fasica (<strong>SONIEM<\/strong>) expres\u00f3 sus condolencias a los familiares de la cantante, conocida como la \u00ab<strong>Flor Morena de la Canci\u00f3n Criolla<\/strong>\u00ab. Diversos colegas, artistas de la m\u00fasica criolla y el\u00a0<strong>Ministerio de Cultura<\/strong>\u00a0tambi\u00e9n expresaron su pesar en redes sociales tras conocerse la noticia.<\/p>\n\n\n\n<p class=\"wp-block-paragraph\"><strong>Edith Barr y sus inicios en la m\u00fasica criolla.<\/strong><\/p>\n\n\n\n<p class=\"wp-block-paragraph\">El inter\u00e9s de\u00a0<strong>Edith Barr<\/strong>\u00a0por la m\u00fasica criolla estuvo influenciado por su t\u00edo, el cantante de boleros\u00a0<strong>Gonzalo Barr<\/strong>. A los 13 a\u00f1os comenz\u00f3 su carrera art\u00edstica, luego de que la compositora Alicia Duarte descubriera su talento y la invitara a participar en un programa dominical dedicado a la m\u00fasica criolla en\u00a0Radio Nacional. <\/p>\n\n\n\n<p class=\"wp-block-paragraph\">En aquella primera presentaci\u00f3n estuvo acompa\u00f1ada en el piano por el recordado\u00a0<strong>Filomeno Orme\u00f1o<\/strong>. Cuatro a\u00f1os despu\u00e9s grab\u00f3 su primera producci\u00f3n musical, en la cual incluy\u00f3 el famoso vals\u00a0<em>Pu\u00f1aladas<\/em>. Su trayectoria registra m\u00e1s de 30 LP y discos compactos.<\/p>\n\n\n\n<p class=\"wp-block-paragraph\">Su repertorio incluy\u00f3 canciones como\u00a0\u00abIndio\u00bb\u00a0y\u00a0\u00abViva el Per\u00fa\u00bb y \u00abSereno\u00bb, de Alicia Magui\u00f1a;\u00a0\u00abJos\u00e9 Antonio\u00bb,\u00a0\u00abBello Durmiente\u00bb\u00a0y\u00a0\u00abFlor de la Canela\u00bb, de Chabuca Granda; adem\u00e1s de<strong>\u00a0\u00abLime\u00f1a<\/strong>\u00ab, de Augusto Polo Campos.<\/p>\n\n\n\n<p class=\"wp-block-paragraph\"><strong>Su paso por la televisi\u00f3n y reconocimientos.<\/strong><\/p>\n\n\n\n<p class=\"wp-block-paragraph\">La cantante tambi\u00e9n tuvo presencia en la televisi\u00f3n peruana. Uno de sus programas m\u00e1s recordados fue\u00a0\u00ab<strong>La revista de Edith\u00bb<\/strong>, espacio con el que continu\u00f3 difundiendo la m\u00fasica criolla.<\/p>\n\n\n\n<p class=\"wp-block-paragraph\">En 1985,&nbsp;<strong>Edith Barr<\/strong>&nbsp;se present\u00f3 ante el papa&nbsp;<a href=\"https:\/\/rpp.pe\/noticias\/juan-pablo-ii\" target=\"_blank\" rel=\"noopener\"><strong>Juan Pablo II<\/strong><\/a>&nbsp;durante su primera visita al Per\u00fa, en ese encuentro la cantante interpret\u00f3 la marinera lime\u00f1a&nbsp;Tun Tun, de Chabuca Granda. La presentaci\u00f3n se realiz\u00f3 el 5 de febrero en el Hip\u00f3dromo de Monterrico, durante un encuentro del sumo pont\u00edfice con un grupo de j\u00f3venes.<\/p>\n\n\n\n<p class=\"wp-block-paragraph\">Gan\u00f3 en tres oportunidades el&nbsp;<strong>Festival de Anc\u00f3n<\/strong>&nbsp;en la categor\u00eda de m\u00fasica criolla. En 1986, el Ministerio de Industria y Turismo la nombr\u00f3 Embajadora Tur\u00edstica del Per\u00fa. Tambi\u00e9n recibi\u00f3 un reconocimiento de la Organizaci\u00f3n de los Estados Americanos (OEA) tras presentarse en Washington D. C., durante la conmemoraci\u00f3n de los 491 a\u00f1os del descubrimiento de Am\u00e9rica.<\/p>\n\n\n\n<p class=\"wp-block-paragraph\">En el 2000, la Canciller\u00eda de la Rep\u00fablica le otorg\u00f3 la Orden al M\u00e9rito por Servicios Distinguidos en el grado de Comendador. Ese mismo a\u00f1o, la Universidad Nacional Mayor de San Marcos le rindi\u00f3 un homenaje por sus 50 a\u00f1os de carrera.<\/p>\n","protected":false},"excerpt":{"rendered":"<p>Fuente: www.rpp.pe \u00abCon su inconfundible voz, talento y pasi\u00f3n por nuestra m\u00fasica, dej\u00f3 una huella imborrable en la historia de la&nbsp;canci\u00f3n criolla\u00ab, indic\u00f3 la Sociedad Nacional de Int\u00e9rpretes y Ejecutantes de la M\u00fasica (SONIEM). &nbsp; La cantante peruana&nbsp;Nora Edith Barr Garc\u00eda&nbsp;o simplemente conocida como&nbsp;Edith Barr, falleci\u00f3 a los 90 a\u00f1os. La noticia fue confirmada este [&hellip;]<\/p>\n","protected":false},"author":1,"featured_media":239115,"comment_status":"open","ping_status":"open","sticky":false,"template":"","format":"standard","meta":{"footnotes":""},"categories":[80,81,90,1710],"tags":[11207,11206,3384,11208,11209,11210,6141,5521],"class_list":["post-239114","post","type-post","status-publish","format-standard","has-post-thumbnail","hentry","category-musica","category-noticias","category-television","category-ultimo-minuto","tag-90-anos","tag-edith-barr","tag-fallecio","tag-flor-morena-de-la-cancion-criolla","tag-inconfundible-voz","tag-nuestra-musica","tag-pasion","tag-talento"],"_links":{"self":[{"href":"https:\/\/ernestojerardo.com\/index.php\/wp-json\/wp\/v2\/posts\/239114","targetHints":{"allow":["GET"]}}],"collection":[{"href":"https:\/\/ernestojerardo.com\/index.php\/wp-json\/wp\/v2\/posts"}],"about":[{"href":"https:\/\/ernestojerardo.com\/index.php\/wp-json\/wp\/v2\/types\/post"}],"author":[{"embeddable":true,"href":"https:\/\/ernestojerardo.com\/index.php\/wp-json\/wp\/v2\/users\/1"}],"replies":[{"embeddable":true,"href":"https:\/\/ernestojerardo.com\/index.php\/wp-json\/wp\/v2\/comments?post=239114"}],"version-history":[{"count":1,"href":"https:\/\/ernestojerardo.com\/index.php\/wp-json\/wp\/v2\/posts\/239114\/revisions"}],"predecessor-version":[{"id":239116,"href":"https:\/\/ernestojerardo.com\/index.php\/wp-json\/wp\/v2\/posts\/239114\/revisions\/239116"}],"wp:featuredmedia":[{"embeddable":true,"href":"https:\/\/ernestojerardo.com\/index.php\/wp-json\/wp\/v2\/media\/239115"}],"wp:attachment":[{"href":"https:\/\/ernestojerardo.com\/index.php\/wp-json\/wp\/v2\/media?parent=239114"}],"wp:term":[{"taxonomy":"category","embeddable":true,"href":"https:\/\/ernestojerardo.com\/index.php\/wp-json\/wp\/v2\/categories?post=239114"},{"taxonomy":"post_tag","embeddable":true,"href":"https:\/\/ernestojerardo.com\/index.php\/wp-json\/wp\/v2\/tags?post=239114"}],"curies":[{"name":"wp","href":"https:\/\/api.w.org\/{rel}","templated":true}]}}