{"id":239099,"date":"2026-08-31T12:52:00","date_gmt":"2026-08-31T17:52:00","guid":{"rendered":"https:\/\/ernestojerardo.com\/?p=239099"},"modified":"2026-09-01T11:55:02","modified_gmt":"2026-09-01T16:55:02","slug":"lima-en-azul-ocho-artistas-reinterpretan-la-ciudad-desde-el-color-la-memoria-y-el-paisaje","status":"publish","type":"post","link":"https:\/\/ernestojerardo.com\/index.php\/2026\/08\/31\/lima-en-azul-ocho-artistas-reinterpretan-la-ciudad-desde-el-color-la-memoria-y-el-paisaje\/","title":{"rendered":"\u201cLima en azul\u201d: Ocho artistas reinterpretan la ciudad desde el color, la memoria y el paisaje"},"content":{"rendered":"\n<p class=\"wp-block-paragraph\"><strong>La exposici\u00f3n, organizada por Galer\u00eda Casa Tambo y curada por Belinda Tami, re\u00fane a Melissa Larra\u00f1aga, Manuel Elguera, Ver\u00f3nica Penagos, Luciana Espinar, Hern\u00e1n Sosa, Ana Mas\u00edas, Roc\u00edo Ponce y Yiriane Khan. Se presenta hasta el viernes 16 de octubre en el Centro Hist\u00f3rico de Lima.<\/strong><\/p>\n\n\n\n<p class=\"wp-block-paragraph\">Lima es una ciudad que se habita en azul. Entre la gar\u00faa, el cielo cubierto, el Pac\u00edfico y las calles del Centro Hist\u00f3rico, este color forma parte de una experiencia profundamente ligada a la identidad de la ciudad. Desde esa mirada nace&nbsp;<strong>\u201cLima en azul\u201d<\/strong>, exposici\u00f3n colectiva que re\u00fane a ocho artistas de reconocida trayectoria para ofrecer distintas interpretaciones de la capital a trav\u00e9s de la pintura, el color y la textura.<\/p>\n\n\n\n<p class=\"wp-block-paragraph\">La muestra, organizada por&nbsp;<strong>Galer\u00eda Casa Tambo<\/strong>&nbsp;y bajo la curadur\u00eda de&nbsp;<strong>Belinda Tami<\/strong>, re\u00fane las propuestas de&nbsp;<strong>Melissa Larra\u00f1aga, Manuel Elguera, Ver\u00f3nica Penagos, Luciana Espinar, Hern\u00e1n Sosa, Ana Mas\u00edas, Roc\u00edo Ponce y Yiriane Khan<\/strong>, quienes exploran, desde sus propios lenguajes,&nbsp;<strong>la relaci\u00f3n \u00edntima entre los habitantes y el territorio que habitan.<\/strong><\/p>\n\n\n\n<p class=\"wp-block-paragraph\">En&nbsp;<strong>\u201cLima en azul\u201d<\/strong>, el color se convierte en un punto de encuentro entre distintas formas de mirar la ciudad. El azul puede ser oc\u00e9ano y niebla, arquitectura y silencio, memoria y esperanza. Tambi\u00e9n evoca la humedad que transforma las fachadas, la gar\u00faa sobre los techos, la luz que se filtra entre los balcones del Centro Hist\u00f3rico y la presencia del r\u00edo R\u00edmac.<\/p>\n\n\n\n<p class=\"wp-block-paragraph\">M\u00e1s que representar una Lima reconocible, los artistas proponen acercamientos personales a una ciudad que tambi\u00e9n se construye a partir de sensaciones. Cada obra funciona como un fragmento de la capital:&nbsp;<strong>la Lima que caminamos, la que recordamos y la que imaginamos<\/strong>.<\/p>\n\n\n\n<p class=\"wp-block-paragraph\">La exposici\u00f3n propone, adem\u00e1s, una pausa frente al ritmo acelerado de la vida cotidiana. Una invitaci\u00f3n a observar la ciudad con mayor atenci\u00f3n y descubrir sus matices a trav\u00e9s del arte.&nbsp;<strong>En ese recorrido, el azul deja de ser \u00fanicamente un color para convertirse en una atm\u00f3sfera<\/strong>&nbsp;que conecta geograf\u00eda, clima, arquitectura y memoria.<\/p>\n\n\n\n<p class=\"wp-block-paragraph\"><strong>\u201cLima en azul\u201d<\/strong>&nbsp;se presenta en&nbsp;<strong>Galer\u00eda Casa Tambo<\/strong>, ubicada en&nbsp;<strong><a href=\"https:\/\/www.google.com\/maps\/search\/Jir%C3%B3n+de+la+Uni%C3%B3n+1066,%0D%0ACentro+Hist%C3%B3rico?entry=gmail&amp;source=g\">Jir\u00f3n de la Uni\u00f3n 1066, Centro Hist\u00f3rico<\/a>&nbsp;de Lima<\/strong>&nbsp;y podr\u00e1 visitarse hasta el viernes 16 de octubre. El ingreso es libre.<\/p>\n\n\n\n<p class=\"wp-block-paragraph\"><strong>ENT\u00c9RATE!!!<\/strong><strong><\/strong><\/p>\n\n\n\n<p class=\"wp-block-paragraph\"><strong>\u201cLIMA EN AZUL\u201d.<\/strong><strong><\/strong><\/p>\n\n\n\n<p class=\"wp-block-paragraph\"><strong>Artistas:<\/strong>&nbsp;Melissa Larra\u00f1aga, Manuel Elguera, Ver\u00f3nica Penagos, Luciana Espinar, Hern\u00e1n Sosa, Ana Mas\u00edas, Roc\u00edo Ponce y Yiriane Khan.<\/p>\n\n\n\n<p class=\"wp-block-paragraph\"><strong>Curadur\u00eda:<\/strong>&nbsp;Belinda Tami.<\/p>\n\n\n\n<p class=\"wp-block-paragraph\"><strong>Lugar:<\/strong>&nbsp;Galer\u00eda Casa Tambo \u2013&nbsp;<a href=\"https:\/\/www.google.com\/maps\/search\/Jir%C3%B3n+de+la+Uni%C3%B3n+1066,+Centro+Hist%C3%B3rico?entry=gmail&amp;source=g\">Jir\u00f3n de la Uni\u00f3n 1066, Centro Hist\u00f3rico<\/a>&nbsp;de Lima.<\/p>\n\n\n\n<p class=\"wp-block-paragraph\"><strong>Temporada:<\/strong>\u00a0Hasta el viernes 16 de octubre de 2026.<\/p>\n","protected":false},"excerpt":{"rendered":"<p>La exposici\u00f3n, organizada por Galer\u00eda Casa Tambo y curada por Belinda Tami, re\u00fane a Melissa Larra\u00f1aga, Manuel Elguera, Ver\u00f3nica Penagos, Luciana Espinar, Hern\u00e1n Sosa, Ana Mas\u00edas, Roc\u00edo Ponce y Yiriane Khan. Se presenta hasta el viernes 16 de octubre en el Centro Hist\u00f3rico de Lima. Lima es una ciudad que se habita en azul. Entre [&hellip;]<\/p>\n","protected":false},"author":1,"featured_media":239100,"comment_status":"open","ping_status":"open","sticky":false,"template":"","format":"standard","meta":{"footnotes":""},"categories":[66,72],"tags":[9558,11185,11186,11187,11183,11188,11184,11189],"class_list":["post-239099","post","type-post","status-publish","format-standard","has-post-thumbnail","hentry","category-ciudad","category-cultural","tag-ana-masias","tag-hernan-sosa","tag-luciana-espinar","tag-manuel-elguera","tag-melissa-larranaga","tag-rocio-ponce","tag-veronica-penagos","tag-yiriane-khan"],"_links":{"self":[{"href":"https:\/\/ernestojerardo.com\/index.php\/wp-json\/wp\/v2\/posts\/239099","targetHints":{"allow":["GET"]}}],"collection":[{"href":"https:\/\/ernestojerardo.com\/index.php\/wp-json\/wp\/v2\/posts"}],"about":[{"href":"https:\/\/ernestojerardo.com\/index.php\/wp-json\/wp\/v2\/types\/post"}],"author":[{"embeddable":true,"href":"https:\/\/ernestojerardo.com\/index.php\/wp-json\/wp\/v2\/users\/1"}],"replies":[{"embeddable":true,"href":"https:\/\/ernestojerardo.com\/index.php\/wp-json\/wp\/v2\/comments?post=239099"}],"version-history":[{"count":1,"href":"https:\/\/ernestojerardo.com\/index.php\/wp-json\/wp\/v2\/posts\/239099\/revisions"}],"predecessor-version":[{"id":239101,"href":"https:\/\/ernestojerardo.com\/index.php\/wp-json\/wp\/v2\/posts\/239099\/revisions\/239101"}],"wp:featuredmedia":[{"embeddable":true,"href":"https:\/\/ernestojerardo.com\/index.php\/wp-json\/wp\/v2\/media\/239100"}],"wp:attachment":[{"href":"https:\/\/ernestojerardo.com\/index.php\/wp-json\/wp\/v2\/media?parent=239099"}],"wp:term":[{"taxonomy":"category","embeddable":true,"href":"https:\/\/ernestojerardo.com\/index.php\/wp-json\/wp\/v2\/categories?post=239099"},{"taxonomy":"post_tag","embeddable":true,"href":"https:\/\/ernestojerardo.com\/index.php\/wp-json\/wp\/v2\/tags?post=239099"}],"curies":[{"name":"wp","href":"https:\/\/api.w.org\/{rel}","templated":true}]}}