{"id":239094,"date":"2026-08-31T12:42:00","date_gmt":"2026-08-31T17:42:00","guid":{"rendered":"https:\/\/ernestojerardo.com\/?p=239094"},"modified":"2026-09-01T11:52:18","modified_gmt":"2026-09-01T16:52:18","slug":"rosa-tomatis-convierte-la-memoria-y-la-imaginacion-en-materia-en-su-nueva-exposicion-imagine","status":"publish","type":"post","link":"https:\/\/ernestojerardo.com\/index.php\/2026\/08\/31\/rosa-tomatis-convierte-la-memoria-y-la-imaginacion-en-materia-en-su-nueva-exposicion-imagine\/","title":{"rendered":"Rosa Tomatis convierte la memoria y la imaginaci\u00f3n en materia en su nueva exposici\u00f3n \u201cImagine\u201d"},"content":{"rendered":"\n<p class=\"wp-block-paragraph\"><strong>La artista presenta una muestra donde pintura, fotograf\u00eda, monotipia y collage se mezclan para reconstruir recuerdos y experiencias a partir de muros, paisajes, sombras y peque\u00f1os hallazgos cotidianos.<\/strong><strong><\/strong><\/p>\n\n\n\n<p class=\"wp-block-paragraph\">La artista\u00a0<strong>Rosa Tomatis<\/strong>\u00a0presenta\u00a0Imagine, una exposici\u00f3n que re\u00fane una selecci\u00f3n de trabajos desarrollados a lo largo de varios a\u00f1os de investigaci\u00f3n y experimentaci\u00f3n. La muestra podr\u00e1 visitarse desde el\u00a0<strong>3 de septiembre<\/strong>\u00a0en la Galer\u00eda MAD del Museo de Minerales Andr\u00e9s del Castillo, en el Centro de Lima.<\/p>\n\n\n\n<p class=\"wp-block-paragraph\">En&nbsp;Imagine, Tomatis explora la relaci\u00f3n entre&nbsp;<strong>imagen, memoria e imaginaci\u00f3n<\/strong>. Su punto de partida est\u00e1 en elementos del mundo cotidiano \u2014muros, pavimentos, sombras, grafitis, paisajes, fotograf\u00edas y peque\u00f1os hallazgos visuales\u2014 que la artista transforma hasta dejar atr\u00e1s su intenci\u00f3n descriptiva. M\u00e1s que representar lugares, reconstruye experiencias y la huella que estas dejan en la memoria.<\/p>\n\n\n\n<p class=\"wp-block-paragraph\">La exposici\u00f3n re\u00fane&nbsp;<strong>ocho monotipias y collages sobre papel hecho a mano, cinco cajas de acr\u00edlico con transfer y fotograf\u00eda y siete lienzos<\/strong>, todos trabajados mediante diferentes combinaciones de t\u00e9cnicas. El resultado es un conjunto de obras en el que las fronteras entre pintura, fotograf\u00eda, monotipia y collage pr\u00e1cticamente desaparecen.<\/p>\n\n\n\n<p class=\"wp-block-paragraph\">Uno de los elementos particulares de la muestra son las&nbsp;<strong>cajas de acr\u00edlico<\/strong>, donde la transparencia permite superponer im\u00e1genes y crear diferentes planos. La luz, los reflejos y el movimiento del espectador modifican la percepci\u00f3n de las obras, convirti\u00e9ndolas en espacios donde se cruzan distintas im\u00e1genes, tiempos y recuerdos.<\/p>\n\n\n\n<p class=\"wp-block-paragraph\">Seg\u00fan el texto curatorial de&nbsp;<strong>Noel Lama<\/strong>, despu\u00e9s de muchos a\u00f1os de trabajo, Tomatis ha construido un lenguaje propio sin renunciar a la experimentaci\u00f3n. En sus obras, la fotograf\u00eda deja de ser simplemente documental, el collage va m\u00e1s all\u00e1 de reunir fragmentos y la monotipia adquiere una dimensi\u00f3n pict\u00f3rica. Cada recurso se transforma para relacionarse con los dem\u00e1s.<\/p>\n\n\n\n<p class=\"wp-block-paragraph\">\u201cM\u00e1s que registrar el mundo, la artista reconstruye la forma en que la memoria lo conserva: fragmentaria, cambiante y siempre abierta a nuevas asociaciones. All\u00ed reside la coherencia de esta exposici\u00f3n y la mayor virtud de una obra que contin\u00faa profundizando, con notable sensibilidad, un lenguaje propio\u201d, concluye Lama.<\/p>\n\n\n\n<p class=\"wp-block-paragraph\">Imagine&nbsp;propone, as\u00ed, una mirada que no busca registrar el mundo tal como es, sino&nbsp;<strong>reconstruir la forma en que la memoria lo conserva: fragmentaria, cambiante y abierta a nuevas asociaciones<\/strong>. La imaginaci\u00f3n se convierte en una materia con la que Rosa Tomatis construye un lenguaje visual personal y en permanente exploraci\u00f3n.<\/p>\n\n\n\n<p class=\"wp-block-paragraph\"><strong>Sobre la artista<\/strong><\/p>\n\n\n\n<p class=\"wp-block-paragraph\">Rosa Tomatis es una experimentada artista pl\u00e1stica peruana cuya trayectoria se caracteriza por un lenguaje abstracto y surrealista y una permanente exploraci\u00f3n t\u00e9cnica. Estudi\u00f3 Arte y Dise\u00f1o en la Pontificia Universidad Cat\u00f3lica del Per\u00fa (PUCP), bajo la tutor\u00eda del reconocido maestro Adolfo Winternitz, y complement\u00f3 su formaci\u00f3n en diversos talleres y escuelas de arte. Su producci\u00f3n abarca pintura al \u00f3leo, t\u00e9cnicas mixtas, monotipias y serigraf\u00eda, desarrollando un estilo personal e independiente. Ha realizado numerosas exposiciones individuales y colectivas en Lima y en el extranjero.<\/p>\n\n\n\n<p class=\"wp-block-paragraph\">Entre sus muestras destaca \u201cMaravillas Curativas\u201d, presentada en el Centro Cultural de Bellas Artes. Su trayectoria internacional incluye exposiciones en Panam\u00e1, Estados Unidos, Alemania e Italia, y su selecci\u00f3n como finalista de la Bienal UNESCO Mondo Arte World Art 2000, en Rivoli, Italia.<\/p>\n\n\n\n<p class=\"wp-block-paragraph\"><strong>\u201cImagine\u201d de Rosa Tomatis<\/strong>&nbsp;ser\u00e1 inaugurada el&nbsp;<strong>jueves 3 de septiembre a las 4:00 p. m.<\/strong>&nbsp;y podr\u00e1 visitarse&nbsp;<strong>hasta el viernes 25 de septiembre<\/strong>, de lunes a domingo, de&nbsp;<strong>10:00 a. m. a 7:00 p. m.<\/strong>, en la&nbsp;<strong>Galer\u00eda MAD del Museo de Minerales Andr\u00e9s del Castillo<\/strong>, ubicada en&nbsp;<strong><a href=\"https:\/\/www.google.com\/maps\/search\/Jir%C3%B3n+de+la+Uni%C3%B3n+1030,+Centro+de+Lima?entry=gmail&amp;source=g\">Jir\u00f3n de la Uni\u00f3n 1030, Centro de Lima<\/a><\/strong>.<\/p>\n\n\n\n<p class=\"wp-block-paragraph\">Una exposici\u00f3n para descubrir c\u00f3mo una imagen cotidiana puede convertirse, a trav\u00e9s de la memoria y la imaginaci\u00f3n, en una experiencia completamente nueva.<\/p>\n\n\n\n<p class=\"wp-block-paragraph\"><strong>Texto de curador.<\/strong><\/p>\n\n\n\n<p class=\"wp-block-paragraph\"><strong>LA IMAGINACI\u00d3N COMO MATERIA.<\/strong><strong><\/strong><\/p>\n\n\n\n<p class=\"wp-block-paragraph\">Toda trayectoria art\u00edstica aut\u00e9ntica termina construyendo un territorio propio. No porque repita las mismas soluciones, sino porque aprende a reconocer las preguntas que verdaderamente le pertenecen.<\/p>\n\n\n\n<p class=\"wp-block-paragraph\">Despu\u00e9s de muchos a\u00f1os de trabajo, Rosa Traverso de Tomatis ha llegado a ese punto. Sus pinturas, monotipias, collages y sus cajas de acr\u00edlico forman parte de una investigaci\u00f3n que ha alcanzado una notable coherencia sin renunciar a la experimentaci\u00f3n. Esta exposici\u00f3n re\u00fane obras realizadas mediante procedimientos diversos, pero ninguna busca exhibir el dominio de una t\u00e9cnica particular. Su mayor logro consiste en hacer desaparecer las fronteras entre los distintos medios.<\/p>\n\n\n\n<p class=\"wp-block-paragraph\">No se trata de una simple suma de recursos, sino de un lenguaje pl\u00e1stico donde cada procedimiento pierde autonom\u00eda para adquirir sentido en relaci\u00f3n con los dem\u00e1s. La fotograf\u00eda deja de ser documental; el collage supera la acumulaci\u00f3n de fragmentos; la monotipia se convierte en materia pict\u00f3rica con resultados memorables.<\/p>\n\n\n\n<p class=\"wp-block-paragraph\">El punto de partida sigue siendo el mundo cotidiano: muros, pavimentos, sombras, grafitis, paisajes, fotograf\u00edas y peque\u00f1os hallazgos visuales. Sin embargo, nada permanece como fue encontrado. Cada imagen es transformada hasta alejarse de toda intenci\u00f3n descriptiva. La artista no representa lugares; reconstruye experiencias visuales. Lo que le interesa no es la realidad exterior, sino la huella que esta deja en la memoria y en la imaginaci\u00f3n del espectador.<\/p>\n\n\n\n<p class=\"wp-block-paragraph\">En las cajas de acr\u00edlico, la transparencia convierte la superposici\u00f3n de im\u00e1genes en una experiencia f\u00edsica. La obra deja de ser una superficie para transformarse en un espacio de planos sucesivos donde la luz, los reflejos y el movimiento del espectador modifican constantemente la percepci\u00f3n. M\u00e1s que una innovaci\u00f3n formal, estas piezas hacen visible una preocupaci\u00f3n presente desde hace a\u00f1os en la producci\u00f3n de Rosa Tomatis: Entender la imagen como una sedimentaci\u00f3n de tiempos, experiencias y recuerdos.<\/p>\n\n\n\n<p class=\"wp-block-paragraph\">M\u00e1s que registrar el mundo, la artista reconstruye la forma en que la memoria lo conserva: fragmentaria, cambiante y siempre abierta a nuevas asociaciones. All\u00ed reside la coherencia de esta exposici\u00f3n y la mayor virtud de una obra que contin\u00faa profundizando, con notable sensibilidad, un lenguaje propio.<\/p>\n\n\n\n<p class=\"wp-block-paragraph\">Noel Lama<\/p>\n\n\n\n<p class=\"wp-block-paragraph\">Florida, agosto 2026.<\/p>\n","protected":false},"excerpt":{"rendered":"<p>La artista presenta una muestra donde pintura, fotograf\u00eda, monotipia y collage se mezclan para reconstruir recuerdos y experiencias a partir de muros, paisajes, sombras y peque\u00f1os hallazgos cotidianos. La artista\u00a0Rosa Tomatis\u00a0presenta\u00a0Imagine, una exposici\u00f3n que re\u00fane una selecci\u00f3n de trabajos desarrollados a lo largo de varios a\u00f1os de investigaci\u00f3n y experimentaci\u00f3n. La muestra podr\u00e1 visitarse desde [&hellip;]<\/p>\n","protected":false},"author":1,"featured_media":239095,"comment_status":"open","ping_status":"open","sticky":false,"template":"","format":"standard","meta":{"footnotes":""},"categories":[72],"tags":[488,919,11179,11182,11180,137,5170,11181,189,11178],"class_list":["post-239094","post","type-post","status-publish","format-standard","has-post-thumbnail","hentry","category-cultural","tag-artista","tag-convierte","tag-imaginacion","tag-imagine","tag-materia","tag-memoria","tag-muestra","tag-nueva-exposicion","tag-presenta","tag-rosa-tomatis"],"_links":{"self":[{"href":"https:\/\/ernestojerardo.com\/index.php\/wp-json\/wp\/v2\/posts\/239094","targetHints":{"allow":["GET"]}}],"collection":[{"href":"https:\/\/ernestojerardo.com\/index.php\/wp-json\/wp\/v2\/posts"}],"about":[{"href":"https:\/\/ernestojerardo.com\/index.php\/wp-json\/wp\/v2\/types\/post"}],"author":[{"embeddable":true,"href":"https:\/\/ernestojerardo.com\/index.php\/wp-json\/wp\/v2\/users\/1"}],"replies":[{"embeddable":true,"href":"https:\/\/ernestojerardo.com\/index.php\/wp-json\/wp\/v2\/comments?post=239094"}],"version-history":[{"count":2,"href":"https:\/\/ernestojerardo.com\/index.php\/wp-json\/wp\/v2\/posts\/239094\/revisions"}],"predecessor-version":[{"id":239098,"href":"https:\/\/ernestojerardo.com\/index.php\/wp-json\/wp\/v2\/posts\/239094\/revisions\/239098"}],"wp:featuredmedia":[{"embeddable":true,"href":"https:\/\/ernestojerardo.com\/index.php\/wp-json\/wp\/v2\/media\/239095"}],"wp:attachment":[{"href":"https:\/\/ernestojerardo.com\/index.php\/wp-json\/wp\/v2\/media?parent=239094"}],"wp:term":[{"taxonomy":"category","embeddable":true,"href":"https:\/\/ernestojerardo.com\/index.php\/wp-json\/wp\/v2\/categories?post=239094"},{"taxonomy":"post_tag","embeddable":true,"href":"https:\/\/ernestojerardo.com\/index.php\/wp-json\/wp\/v2\/tags?post=239094"}],"curies":[{"name":"wp","href":"https:\/\/api.w.org\/{rel}","templated":true}]}}