{"id":239088,"date":"2026-08-31T19:20:00","date_gmt":"2026-09-01T00:20:00","guid":{"rendered":"https:\/\/ernestojerardo.com\/?p=239088"},"modified":"2026-09-01T11:27:56","modified_gmt":"2026-09-01T16:27:56","slug":"amor-eterno-llega-por-primera-vez-a-atv","status":"publish","type":"post","link":"https:\/\/ernestojerardo.com\/index.php\/2026\/08\/31\/amor-eterno-llega-por-primera-vez-a-atv\/","title":{"rendered":"\u201cAmor eterno\u201d llega por primera vez a ATV"},"content":{"rendered":"\n<p class=\"wp-block-paragraph\">ATV anuncia el estreno de \u201c<strong>Amor Eterno<\/strong>\u201d en su programaci\u00f3n desde este martes 1 de septiembre a las 4 de la tarde, <a href=\"https:\/\/es.wikipedia.org\/wiki\/Serie_de_televisi%C3%B3n_turca\">serie de televisi\u00f3n turca<\/a>&nbsp;de&nbsp;<a href=\"https:\/\/es.wikipedia.org\/wiki\/Drama\">drama<\/a>&nbsp;y&nbsp;<a href=\"https:\/\/es.wikipedia.org\/wiki\/Amor\">amor<\/a>&nbsp;de gran \u00e9xito internacional, producida por&nbsp;<a href=\"https:\/\/es.wikipedia.org\/wiki\/Ay_Yap%C4%B1m\">Ay Yap\u0131m<\/a>&nbsp;y emitida por&nbsp;<a href=\"https:\/\/es.wikipedia.org\/wiki\/Star_TV_(Turqu%C3%ADa)\">Star TV<\/a>&nbsp;entre el 2015 y el 2017.&nbsp;Est\u00e1 dirigida por&nbsp;<a href=\"https:\/\/es.wikipedia.org\/wiki\/Hilal_Saral?action=edit&amp;redlink=1\">Hilal Saral<\/a>&nbsp;y est\u00e1 protagonizada por los actores turcos&nbsp;<a href=\"https:\/\/es.wikipedia.org\/wiki\/Neslihan_Atag%C3%BCl\">Neslihan Atag\u00fcl<\/a>,&nbsp;<a href=\"https:\/\/es.wikipedia.org\/wiki\/Burak_%C3%96z%C3%A7ivit\">Burak \u00d6z\u00e7ivit<\/a>&nbsp;y&nbsp;<a href=\"https:\/\/es.wikipedia.org\/wiki\/Kaan_Urganc%C4%B1o%C4%9Flu\">Kaan Urganc\u0131o\u011flu<\/a>.<\/p>\n\n\n\n<p class=\"wp-block-paragraph\">La serie se ha convertido en un hito en la historia internacional de las&nbsp;<a href=\"https:\/\/es.wikipedia.org\/wiki\/Series_de_televisi%C3%B3n_de_Turqu%C3%ADa\">series turcas<\/a>, siendo galardonada con los premios de televisi\u00f3n m\u00e1s prestigiosos del mundo, los&nbsp;<a href=\"https:\/\/es.wikipedia.org\/wiki\/Premios_Emmy_Internacional\">premios Emmy Internacional<\/a>&nbsp;como mejor telenovela en 2017,convirti\u00e9ndose en la primera serie turca de la historia en conseguir este premio.y tambi\u00e9n fue la primera serie turca en llegar a ser finalista en estos galardones.<sup><a href=\"https:\/\/es.wikipedia.org\/wiki\/Kara_Sevda#cite_note-8\"><\/a><\/sup><\/p>\n\n\n\n<p class=\"wp-block-paragraph\">Del mismo modo,\u00a0Kara Sevda\u00a0recibi\u00f3 el premio especial del jurado en los\u00a0<a href=\"https:\/\/es.wikipedia.org\/wiki\/Seoul_International_Drama_Awards?action=edit&amp;redlink=1\">Seoul International Drama Awards<\/a><sup><a href=\"https:\/\/es.wikipedia.org\/wiki\/Kara_Sevda#cite_note-9\"><\/a><\/sup> \u00a0en\u00a0<a href=\"https:\/\/es.wikipedia.org\/wiki\/Corea\">Corea<\/a>, hacia donde se desplazaron la directora Hilal Saral y Burak \u00d6z\u00e7ivit a recoger el premio. Seg\u00fan Can Okan, fundador y\u00a0<a href=\"https:\/\/es.wikipedia.org\/wiki\/CEO\">CEO<\/a>\u00a0de Inter Medya, la distribuidora de la serie a nivel internacional, \u00ablas palabras son in\u00fatiles cuando se habla del \u00e9xito de\u00a0Kara Sevda\u00bb.<sup><a href=\"https:\/\/es.wikipedia.org\/wiki\/Kara_Sevda#cite_note-12\"><\/a><\/sup> \u00a0<\/p>\n\n\n\n<p class=\"wp-block-paragraph\">La novela se ha convertido en una de las series con m\u00e1s \u00e9xito internacional, siendo transmitida en m\u00e1s de 110 pa\u00edses con \u00e9xito de audiencias y traducida a m\u00e1s de 50 idiomas. Algunos pa\u00edses donde ha sido retransmitida son&nbsp;<a href=\"https:\/\/es.wikipedia.org\/wiki\/Turqu%C3%ADa\">Turqu\u00eda<\/a>,&nbsp;<a href=\"https:\/\/es.wikipedia.org\/wiki\/Rusia\">Rusia<\/a>,<a href=\"https:\/\/es.wikipedia.org\/wiki\/Grecia\">Grecia<\/a>,<a href=\"https:\/\/es.wikipedia.org\/wiki\/Hungr%C3%ADa\">Hungr\u00eda<\/a>,&nbsp;<a href=\"https:\/\/es.wikipedia.org\/wiki\/Marruecos\">Marruecos<\/a>,&nbsp;<a href=\"https:\/\/es.wikipedia.org\/wiki\/Francia\">Francia<\/a>,&nbsp;<a href=\"https:\/\/es.wikipedia.org\/wiki\/Serbia\">Serbia<\/a>,&nbsp;<a href=\"https:\/\/es.wikipedia.org\/wiki\/Rumania\">Ruman\u00eda<\/a>,&nbsp;<a href=\"https:\/\/es.wikipedia.org\/wiki\/Alemania\">Alemania<\/a>,&nbsp;<a href=\"https:\/\/es.wikipedia.org\/wiki\/Irak\">Irak<\/a>,&nbsp;<a href=\"https:\/\/es.wikipedia.org\/wiki\/Eslovaquia\">Eslovaquia<\/a>,&nbsp;<a href=\"https:\/\/es.wikipedia.org\/wiki\/Ucrania\">Ucrania<\/a>,&nbsp;<a href=\"https:\/\/es.wikipedia.org\/wiki\/Albania\">Albania<\/a>,&nbsp;<a href=\"https:\/\/es.wikipedia.org\/wiki\/Espa%C3%B1a\">Espa\u00f1a<\/a>,<sup><a href=\"https:\/\/es.wikipedia.org\/wiki\/Kara_Sevda#cite_note-16\"><\/a><\/sup>&nbsp;<a href=\"https:\/\/es.wikipedia.org\/wiki\/Ir%C3%A1n\">Ir\u00e1n<\/a>,&nbsp;<a href=\"https:\/\/es.wikipedia.org\/wiki\/M%C3%A9xico\">M\u00e9xico<\/a>,&nbsp;<a href=\"https:\/\/es.wikipedia.org\/wiki\/Bolivia\">Bolivia<\/a>,&nbsp;<a href=\"https:\/\/es.wikipedia.org\/wiki\/Panam%C3%A1\">Panam\u00e1<\/a>,&nbsp;<a href=\"https:\/\/es.wikipedia.org\/wiki\/Uruguay\">Uruguay<\/a>,&nbsp;<a href=\"https:\/\/es.wikipedia.org\/wiki\/Eslovenia\">Eslovenia<\/a>,&nbsp;<a href=\"https:\/\/es.wikipedia.org\/wiki\/Paraguay\">Paraguay<\/a>&nbsp;y ahora en Venezuela, entre otros.<\/p>\n\n\n\n<p class=\"wp-block-paragraph\">En 2018, la serie la serie recibi\u00f3 el&nbsp;<a href=\"https:\/\/www.tet.org.tr\/tr\/faaliyetler\/tet-basari-odul-toreni\">Premio al Logro de Exportaci\u00f3n 2017 de la Asociaci\u00f3n de Exportadores de Servicios y Electr\u00f3nica El\u00e9ctrica (TET)<\/a>&nbsp;al convertirse en la segunda producci\u00f3n turca m\u00e1s exportada de la historia.&nbsp;En 2021, la plataforma&nbsp;<a href=\"https:\/\/es.wikipedia.org\/wiki\/HBO_Max\">HBO Max<\/a>&nbsp;adquiri\u00f3 los derechos de la serie para comenzar a emitirla.<\/p>\n\n\n\n<p class=\"wp-block-paragraph\">En su retransmisi\u00f3n en Estados Unidos a trav\u00e9s de&nbsp;<a href=\"https:\/\/es.wikipedia.org\/wiki\/Univision\">Univisi\u00f3n<\/a>, se convirti\u00f3 en la telenovela extranjera m\u00e1s vista de toda la historia en el pa\u00eds y en la serie turca con mayor audiencia, superando a sus principales competidores. La historia de amor se mantiene como la ficci\u00f3n m\u00e1s vista del prime time hispano con m\u00e1s de 2 millones de espectadores cada d\u00eda y rozando los 4 millones en su episodio final.&nbsp;Actualmente,&nbsp;\u201cKara Sevda\u201d&nbsp;se mantiene como la serie turca m\u00e1s vista en los Estados Unidos.<\/p>\n\n\n\n<p class=\"wp-block-paragraph\"><strong>Trama.<\/strong><\/p>\n\n\n\n<p class=\"wp-block-paragraph\">Kemal Soydere es hijo de una familia de clase media. En su \u00faltimo a\u00f1o en ingenier\u00eda de minas, una chica llamada Nihan entra en su mon\u00f3tona vida. El amor es imposible por la diferencia de clases entre ellos, pero se las arreglan para estar juntos.<\/p>\n\n\n\n<p class=\"wp-block-paragraph\">Eso hasta el d\u00eda en que Kemal tiene que mudarse a una mina de Zonguldak, desconociendo que Nihan se casar\u00e1 obligada con Emir Kozcuo\u011flu, un hombre enamorado de ella desde que eran ni\u00f1os.<\/p>\n\n\n\n<p class=\"wp-block-paragraph\">Kemal se a\u00edsla en su trabajo, y un d\u00eda, tras sus acciones de ayuda en un accidente en la mina, Kemal es ascendido y asume una posici\u00f3n de poder en la compa\u00f1\u00eda. Cinco a\u00f1os despu\u00e9s, Kemal toma la decisi\u00f3n de regresar a Estambul para afrontar su pasado.<\/p>\n\n\n\n<p class=\"wp-block-paragraph\">Por otro lado Nihan no puede olvidarse de Kemal, de modo que cuando este regresa a Estambul, Nihan intentar\u00e1 estar m\u00e1s cerca de Kemal, sin saber que este, est\u00e1 trabajando en algunos proyectos con su marido.<\/p>\n\n\n\n<p class=\"wp-block-paragraph\"><strong>Reparto.<\/strong><\/p>\n\n\n\n<ul class=\"wp-block-list\">\n<li><a href=\"https:\/\/es.wikipedia.org\/wiki\/Neslihan_Atag%C3%BCl\">Neslihan Atag\u00fcl<\/a>\u00a0como Nihan Sezin.<\/li>\n\n\n\n<li><a href=\"https:\/\/es.wikipedia.org\/wiki\/Burak_%C3%96z%C3%A7ivit\">Burak \u00d6z\u00e7ivit<\/a>\u00a0como Kemal Soydere.<\/li>\n\n\n\n<li><a href=\"https:\/\/es.wikipedia.org\/wiki\/Kaan_Urganc%C4%B1o%C4%9Flu\">Kaan Urganc\u0131o\u011flu<\/a>\u00a0como Emir Kozcuo\u011flu.<\/li>\n\n\n\n<li><a href=\"https:\/\/es.wikipedia.org\/wiki\/Hazal_Filiz_K%C3%BC%C3%A7%C3%BCkk%C3%B6se\">Hazal Filiz K\u00fc\u00e7\u00fckk\u00f6se<\/a>\u00a0como Zeynep Soydere.<\/li>\n\n\n\n<li><a href=\"https:\/\/es.wikipedia.org\/wiki\/Melisa_Asl%C4%B1_Pamuk\">Melisa Asl\u0131 Pamuk<\/a>\u00a0como Asu Alacahan \/ Kozcuo\u011flu.<sup><a href=\"https:\/\/es.wikipedia.org\/wiki\/Kara_Sevda#cite_note-25\"><\/a><\/sup><\/li>\n\n\n\n<li><a href=\"https:\/\/es.wikipedia.org\/wiki\/R%C3%BCzgar_Aksoy\">R\u00fczgar Aksoy<\/a>\u00a0como Tar\u0131k Soydere.<\/li>\n\n\n\n<li><a href=\"https:\/\/es.wikipedia.org\/wiki\/Zerrin_Tekindor?action=edit&amp;redlink=1\">Zerrin Tekindor<\/a>\u00a0como Leyla Acemzade.<\/li>\n\n\n\n<li><a href=\"https:\/\/es.wikipedia.org\/wiki\/Ne%C5%9Fe_Baykent?action=edit&amp;redlink=1\">Ne\u015fe Baykent<\/a>\u00a0como Vildan Acemzade<\/li>\n\n\n\n<li><a href=\"https:\/\/es.wikipedia.org\/wiki\/Bar%C4%B1%C5%9F_Alpaykut?action=edit&amp;redlink=1\">Bar\u0131\u015f Alpaykut<\/a>\u00a0como Ozan Sezin.<\/li>\n\n\n\n<li><a href=\"https:\/\/es.wikipedia.org\/wiki\/K%C3%BCr%C5%9Fat_Aln%C4%B1a%C3%A7%C4%B1k?action=edit&amp;redlink=1\">K\u00fcr\u015fat Aln\u0131a\u00e7\u0131k<\/a>\u00a0como \u00d6nder Sezin.<\/li>\n\n\n\n<li><a href=\"https:\/\/es.wikipedia.org\/wiki\/Burak_Sergen\">Burak Sergen<\/a>\u00a0como Galip Kozcuo\u011flu.<\/li>\n\n\n\n<li><a href=\"https:\/\/es.wikipedia.org\/wiki\/%C3%87a%C4%9Fla_Demir?action=edit&amp;redlink=1\">\u00c7a\u011fla Demir<\/a>\u00a0como Banu Akmeri\u00e7.<\/li>\n\n\n\n<li><a href=\"https:\/\/es.wikipedia.org\/wiki\/Orhan_G%C3%BCner?action=edit&amp;redlink=1\">Orhan G\u00fcner<\/a>\u00a0como H\u00fcseyin Soydere.<\/li>\n\n\n\n<li><a href=\"https:\/\/es.wikipedia.org\/wiki\/Zeyno_Eracar?action=edit&amp;redlink=1\">Zeyno Eracar<\/a>\u00a0como Fehime Soydere.<\/li>\n\n\n\n<li><a href=\"https:\/\/es.wikipedia.org\/wiki\/Kerem_Al%C4%B1%C5%9F%C4%B1k\">Kerem Al\u0131\u015f\u0131k<\/a>\u00a0como Ayhan Kandarl\u0131.<sup><a href=\"https:\/\/es.wikipedia.org\/wiki\/Kara_Sevda#cite_note-26\"><\/a><\/sup><\/li>\n\n\n\n<li><a href=\"https:\/\/es.wikipedia.org\/wiki\/U%C4%9Fur_Aslan\">U\u011fur Aslan<\/a>\u00a0como Zehir.<\/li>\n\n\n\n<li><a href=\"https:\/\/es.wikipedia.org\/wiki\/G%C3%B6kay_M%C3%BCft%C3%BCo%C4%9Flu?action=edit&amp;redlink=1\">G\u00f6kay M\u00fcft\u00fco\u011flu<\/a>\u00a0como Salih.<\/li>\n\n\n\n<li><a href=\"https:\/\/es.wikipedia.org\/wiki\/Ali_Burak_Ceylan?action=edit&amp;redlink=1\">Ali Burak Ceylan<\/a>\u00a0como Tufan Kaner.<\/li>\n\n\n\n<li><a href=\"https:\/\/es.wikipedia.org\/wiki\/Nihan_A%C5%9F%C4%B1c%C4%B1?action=edit&amp;redlink=1\">Nihan A\u015f\u0131c\u0131<\/a>\u00a0como Yasemin allen.<\/li>\n\n\n\n<li><a href=\"https:\/\/es.wikipedia.org\/wiki\/Metin_Co%C5%9Fkun?action=edit&amp;redlink=1\">Metin Co\u015fkun<\/a>\u00a0como Hakk\u0131 Alacahan.<\/li>\n\n\n\n<li><a href=\"https:\/\/es.wikipedia.org\/wiki\/Gizem_Karaca\">Gizem Karaca<\/a>\u00a0como Mercan.<sup><a href=\"https:\/\/es.wikipedia.org\/wiki\/Kara_Sevda#cite_note-27\"><\/a><\/sup><\/li>\n\n\n\n<li><a href=\"https:\/\/es.wikipedia.org\/wiki\/Elif_%C3%96zkul?action=edit&amp;redlink=1\">Elif \u00d6zkul<\/a>\u00a0como Sema.<\/li>\n\n\n\n<li><a href=\"https:\/\/es.wikipedia.org\/wiki\/Arven_Beren?action=edit&amp;redlink=1\">Arven Beren<\/a>\u00a0como Deniz Soydere.<\/li>\n\n\n\n<li><a href=\"https:\/\/es.wikipedia.org\/wiki\/Ece_Mudessiro%C4%9Flu?action=edit&amp;redlink=1\">Ece Mudessiro\u011flu<\/a>\u00a0como Zehra Tozkan.<\/li>\n\n\n\n<li><a href=\"https:\/\/es.wikipedia.org\/wiki\/Erhan_Alpay?action=edit&amp;redlink=1\">Erhan Alpay<\/a>\u00a0como Hakan demirtas<\/li>\n\n\n\n<li><a href=\"https:\/\/es.wikipedia.org\/wiki\/Berk_G%C3%BCne%C5%9Fberk?action=edit&amp;redlink=1\">Berk G\u00fcne\u015fberk<\/a>\u00a0como \u015eafak.<\/li>\n\n\n\n<li><a href=\"https:\/\/es.wikipedia.org\/wiki\/Ay%C5%9Fen_%C4%B0nci?action=edit&amp;redlink=1\">Ay\u015fen \u0130nci<\/a>\u00a0como M\u00fcjgan Kozcuo\u011flu.<\/li>\n<\/ul>\n\n\n\n<p class=\"wp-block-paragraph\"><strong>Tr\u00e1iler.<\/strong><\/p>\n\n\n\n<figure class=\"wp-block-embed is-type-video is-provider-youtube wp-block-embed-youtube wp-embed-aspect-16-9 wp-has-aspect-ratio\"><div class=\"wp-block-embed__wrapper\">\n<div class=\"jlvid_container \"><iframe title=\"Kara Sevda | Amor Eterno Trailer 2 subtitulado al Espa\u00f1ol\" width=\"1200\" height=\"675\" src=\"https:\/\/www.youtube.com\/embed\/vLxkQMG9a7E?feature=oembed\" frameborder=\"0\" allow=\"accelerometer; autoplay; clipboard-write; encrypted-media; gyroscope; picture-in-picture; web-share\" referrerpolicy=\"strict-origin-when-cross-origin\" allowfullscreen><\/iframe><\/div>\n<\/div><\/figure>\n","protected":false},"excerpt":{"rendered":"<p>ATV anuncia el estreno de \u201cAmor Eterno\u201d en su programaci\u00f3n desde este martes 1 de septiembre a las 4 de la tarde, serie de televisi\u00f3n turca&nbsp;de&nbsp;drama&nbsp;y&nbsp;amor&nbsp;de gran \u00e9xito internacional, producida por&nbsp;Ay Yap\u0131m&nbsp;y emitida por&nbsp;Star TV&nbsp;entre el 2015 y el 2017.&nbsp;Est\u00e1 dirigida por&nbsp;Hilal Saral&nbsp;y est\u00e1 protagonizada por los actores turcos&nbsp;Neslihan Atag\u00fcl,&nbsp;Burak \u00d6z\u00e7ivit&nbsp;y&nbsp;Kaan Urganc\u0131o\u011flu. La serie se [&hellip;]<\/p>\n","protected":false},"author":1,"featured_media":239089,"comment_status":"open","ping_status":"open","sticky":false,"template":"","format":"standard","meta":{"footnotes":""},"categories":[89,90,91],"tags":[11169,6325,274,11166,11171,293,827,8743,7488,11167,11170,8618,1665,3751,11172,11165,7489,11164,11163,11168,3876],"class_list":["post-239088","post","type-post","status-publish","format-standard","has-post-thumbnail","hentry","category-telenovelas","category-television","category-trailer","tag-albania","tag-alemania","tag-bolivia","tag-eslovaquia","tag-eslovenia","tag-espana","tag-francia","tag-grecia","tag-hungria","tag-irak","tag-iran","tag-marruecos","tag-mexico","tag-panama","tag-paraguay","tag-rumania","tag-rusia","tag-serbia","tag-turquia","tag-ucrania","tag-uruguay"],"_links":{"self":[{"href":"https:\/\/ernestojerardo.com\/index.php\/wp-json\/wp\/v2\/posts\/239088","targetHints":{"allow":["GET"]}}],"collection":[{"href":"https:\/\/ernestojerardo.com\/index.php\/wp-json\/wp\/v2\/posts"}],"about":[{"href":"https:\/\/ernestojerardo.com\/index.php\/wp-json\/wp\/v2\/types\/post"}],"author":[{"embeddable":true,"href":"https:\/\/ernestojerardo.com\/index.php\/wp-json\/wp\/v2\/users\/1"}],"replies":[{"embeddable":true,"href":"https:\/\/ernestojerardo.com\/index.php\/wp-json\/wp\/v2\/comments?post=239088"}],"version-history":[{"count":1,"href":"https:\/\/ernestojerardo.com\/index.php\/wp-json\/wp\/v2\/posts\/239088\/revisions"}],"predecessor-version":[{"id":239090,"href":"https:\/\/ernestojerardo.com\/index.php\/wp-json\/wp\/v2\/posts\/239088\/revisions\/239090"}],"wp:featuredmedia":[{"embeddable":true,"href":"https:\/\/ernestojerardo.com\/index.php\/wp-json\/wp\/v2\/media\/239089"}],"wp:attachment":[{"href":"https:\/\/ernestojerardo.com\/index.php\/wp-json\/wp\/v2\/media?parent=239088"}],"wp:term":[{"taxonomy":"category","embeddable":true,"href":"https:\/\/ernestojerardo.com\/index.php\/wp-json\/wp\/v2\/categories?post=239088"},{"taxonomy":"post_tag","embeddable":true,"href":"https:\/\/ernestojerardo.com\/index.php\/wp-json\/wp\/v2\/tags?post=239088"}],"curies":[{"name":"wp","href":"https:\/\/api.w.org\/{rel}","templated":true}]}}