{"id":239076,"date":"2026-08-30T18:37:00","date_gmt":"2026-08-30T23:37:00","guid":{"rendered":"https:\/\/ernestojerardo.com\/?p=239076"},"modified":"2026-08-31T09:15:42","modified_gmt":"2026-08-31T14:15:42","slug":"por-primera-vez-llega-a-tl-novelas-eternamente-amandonos","status":"publish","type":"post","link":"https:\/\/ernestojerardo.com\/index.php\/2026\/08\/30\/por-primera-vez-llega-a-tl-novelas-eternamente-amandonos\/","title":{"rendered":"Por primera vez llega a TL Novelas, \u201cEternamente am\u00e1ndonos\u201d"},"content":{"rendered":"\n<p class=\"wp-block-paragraph\">Desde este lunes 31 de agosto a las 11:05 de la ma\u00f1ana y 7:10 de la noche, TL Novelas (canal 216 Claro TV, canales 23 y 723 HD Movistar TV)&nbsp;&nbsp;estrena \u201c<strong>Eternamente am\u00e1ndonos\u201d,<\/strong>&nbsp;producida por&nbsp;<a href=\"https:\/\/es.wikipedia.org\/wiki\/Silvia_Cano\">Silvia Cano<\/a>&nbsp;para&nbsp;<a href=\"https:\/\/es.wikipedia.org\/wiki\/TelevisaUnivision\">TelevisaUnivision<\/a>&nbsp;en el 2023.&nbsp;<\/p>\n\n\n\n<p class=\"wp-block-paragraph\">La telenovela es una versi\u00f3n de la&nbsp;<a href=\"https:\/\/es.wikipedia.org\/wiki\/Serie_de_televisi%C3%B3n\">serie de televisi\u00f3n<\/a>&nbsp;turca creada por Te\u015frik-i Mesai,&nbsp;<a href=\"https:\/\/es.wikipedia.org\/wiki\/%C4%B0stanbullu_Gelin\">\u0130stanbullu Gelin<\/a>, siendo adaptado por Rossana Curiel, Juan Pablo Balc\u00e1zar y&nbsp;<a href=\"https:\/\/es.wikipedia.org\/wiki\/Cecilia_Pi%C3%B1eiro\">Cecilia Pi\u00f1eiro<\/a>.<\/p>\n\n\n\n<p class=\"wp-block-paragraph\">Esta protagonizada por&nbsp;<a href=\"https:\/\/es.wikipedia.org\/wiki\/Alejandra_Robles_Gil\">Alejandra Robles Gil<\/a>,&nbsp;<a href=\"https:\/\/es.wikipedia.org\/wiki\/Marcus_Ornellas\">Marcus Ornellas<\/a>&nbsp;y&nbsp;<a href=\"https:\/\/es.wikipedia.org\/wiki\/Diana_Bracho\">Diana Bracho<\/a>, junto con&nbsp;<a href=\"https:\/\/es.wikipedia.org\/wiki\/Ana_Bertha_Esp%C3%ADn\">Ana Bertha Esp\u00edn<\/a>,&nbsp;<a href=\"https:\/\/es.wikipedia.org\/wiki\/Juan_Mart%C3%ADn_J%C3%A1uregui\">Juan Mart\u00edn J\u00e1uregui<\/a>,&nbsp;<a href=\"https:\/\/es.wikipedia.org\/wiki\/Gema_Garoa\">Gema Garoa<\/a>&nbsp;y&nbsp;<a href=\"https:\/\/es.wikipedia.org\/wiki\/Julia_Urbini\">Julia Urbini<\/a>&nbsp;en los roles antag\u00f3nicos.Acompa\u00f1ados de&nbsp;<a href=\"https:\/\/es.wikipedia.org\/wiki\/Rossana_N%C3%A1jera\">Rossana N\u00e1jera<\/a>, Patricio Jos\u00e9 Campos, David Caro Levy,&nbsp;<a href=\"https:\/\/es.wikipedia.org\/wiki\/Valentina_Buzzurro\">Valentina Buzzurro<\/a>,&nbsp;<a href=\"https:\/\/es.wikipedia.org\/wiki\/Arantza_Ruiz\">Arantza Ruiz<\/a>,&nbsp;<a href=\"https:\/\/es.wikipedia.org\/wiki\/Francisco_Piza%C3%B1a\">Francisco Piza\u00f1a<\/a>,&nbsp;<a href=\"https:\/\/es.wikipedia.org\/wiki\/Dal%C3%ADlah_Polanco\">Dal\u00edlah Polanco<\/a>&nbsp;y&nbsp;<a href=\"https:\/\/es.wikipedia.org\/wiki\/Omar_Fierro\">Omar Fierro<\/a>.<\/p>\n\n\n\n<p class=\"wp-block-paragraph\"><strong>Trama.<\/strong><\/p>\n\n\n\n<p class=\"wp-block-paragraph\">Paula Bernal (<a href=\"https:\/\/es.wikipedia.org\/wiki\/Alejandra_Robles_Gil\">Alejandra Robles Gil<\/a>) y Rogelio Iturbide (<a href=\"https:\/\/es.wikipedia.org\/wiki\/Marcus_Ornellas\">Marcus Ornellas<\/a>), son dos personas con vidas muy distintas que al conocerse, viven un romance vertiginoso que los fuerza a casarse sin poner en aviso a la familia de Rogelio, en especial, a la matriarca de la familia, Martina Rangel (<a href=\"https:\/\/es.wikipedia.org\/wiki\/Diana_Bracho\">Diana Bracho<\/a>).<\/p>\n\n\n\n<p class=\"wp-block-paragraph\">Cuando Paula llega de la Ciudad de M\u00e9xico a la vida de los Iturbide siguiendo a Rogelio, sus ideas cosmopolitas chocan con las de Martina, conocida por todos como la \u00abMonarca de Morelia\u00bb, una mujer convencional, manipuladora y acostumbrada a controlar su entorno.<sup><a href=\"https:\/\/es.wikipedia.org\/wiki\/Eternamente_am%C3%A1ndonos#cite_note-:3-8\"><\/a><\/sup> Martina ha sacrificado su felicidad por seguir las costumbres de la sociedad moreliana y, al sentirse amenazada, le declara una guerra frontal a Paula.<\/p>\n\n\n\n<p class=\"wp-block-paragraph\"><strong>Reparto.<\/strong><\/p>\n\n\n\n<ul class=\"wp-block-list\">\n<li><a href=\"https:\/\/es.wikipedia.org\/wiki\/Diana_Bracho\">Diana Bracho<\/a>\u00a0como Martina Rangel vda. de Iturbide\n<ul class=\"wp-block-list\">\n<li>Eva Daniela interpret\u00f3 a Martina de joven<\/li>\n<\/ul>\n<\/li>\n\n\n\n<li><a href=\"https:\/\/es.wikipedia.org\/wiki\/Marcus_Ornellas\">Marcus Ornellas<\/a>\u00a0como Rogelio Iturbide Rangel<\/li>\n\n\n\n<li><a href=\"https:\/\/es.wikipedia.org\/wiki\/Alejandra_Robles_Gil\">Alejandra Robles Gil<\/a>\u00a0como Paula Bernal<\/li>\n\n\n\n<li><a href=\"https:\/\/es.wikipedia.org\/wiki\/Ana_Bertha_Esp%C3%ADn\">Ana Bertha Esp\u00edn<\/a>\u00a0como Irma Ruvalcaba<\/li>\n\n\n\n<li><a href=\"https:\/\/es.wikipedia.org\/wiki\/Juan_Mart%C3%ADn_J%C3%A1uregui\">Juan Mart\u00edn J\u00e1uregui<\/a>\u00a0como Ignacio Cordero<\/li>\n\n\n\n<li><a href=\"https:\/\/es.wikipedia.org\/wiki\/Francisco_Piza%C3%B1a\">Francisco Piza\u00f1a<\/a>\u00a0como Fernando Iturbide Rangel<\/li>\n\n\n\n<li><a href=\"https:\/\/es.wikipedia.org\/wiki\/Gema_Garoa\">Gema Garoa<\/a>\u00a0como Imelda Campos<\/li>\n\n\n\n<li><a href=\"https:\/\/es.wikipedia.org\/wiki\/Alfredo_Gatica\">Alfredo Gatica<\/a>\u00a0como Fidel Fuentes<\/li>\n\n\n\n<li><a href=\"https:\/\/es.wikipedia.org\/wiki\/Arantza_Ruiz\">Arantza Ruiz<\/a>\u00a0como Cecilia Escutia<\/li>\n\n\n\n<li>David Caro Levy como Marco Iturbide Rangel<\/li>\n\n\n\n<li><a href=\"https:\/\/es.wikipedia.org\/wiki\/Valentina_Buzzurro\">Valentina Buzzurro<\/a>\u00a0como Blanca Ortiz<\/li>\n\n\n\n<li>Patricio Jos\u00e9 Campos como Luis Iturbide Rangel<\/li>\n\n\n\n<li><a href=\"https:\/\/es.wikipedia.org\/wiki\/Dal%C3%ADlah_Polanco\">Dal\u00edlah Polanco<\/a>\u00a0como Eva G\u00f3mez<\/li>\n\n\n\n<li><a href=\"https:\/\/es.wikipedia.org\/wiki\/Rossana_N%C3%A1jera\">Rossana N\u00e1jera<\/a>\u00a0como \u00c9rika Maldonado<\/li>\n\n\n\n<li><a href=\"https:\/\/es.wikipedia.org\/wiki\/Elizabeth_Guindi\">Elizabeth Guindi<\/a>\u00a0como Beatriz<\/li>\n\n\n\n<li><a href=\"https:\/\/es.wikipedia.org\/wiki\/Claudia_R%C3%ADos\">Claudia R\u00edos<\/a>\u00a0como Micaela Cornejo<\/li>\n\n\n\n<li>Ferm\u00edn Mart\u00ednez como Honorio Gonz\u00e1lez<\/li>\n\n\n\n<li><a href=\"https:\/\/es.wikipedia.org\/wiki\/Alejandra_Ley\">Alejandra Ley<\/a>\u00a0como Felipa Contreras<\/li>\n\n\n\n<li>Santiago Zenteno como Melit\u00f3n Pacheco<\/li>\n\n\n\n<li>Kaled Acab como Lucas Brown Maldonado<\/li>\n\n\n\n<li><a href=\"https:\/\/es.wikipedia.org\/wiki\/Otto_Sirgo\">Otto Sirgo<\/a>\u00a0como Gabriel Garibay\n<ul class=\"wp-block-list\">\n<li>Hans Gait\u00e1n int\u00e9rpret\u00f3 a Gabriel de joven<\/li>\n<\/ul>\n<\/li>\n\n\n\n<li><a href=\"https:\/\/es.wikipedia.org\/wiki\/Julia_Urbini\">Julia Urbini<\/a>\u00a0como Andrea Garibay<\/li>\n\n\n\n<li>Daniel Gama como Ulises Brice\u00f1o<\/li>\n\n\n\n<li><a href=\"https:\/\/es.wikipedia.org\/wiki\/Omar_Fierro\">Omar Fierro<\/a>\u00a0como Pedro Medina<\/li>\n\n\n\n<li><a href=\"https:\/\/es.wikipedia.org\/wiki\/Pablo_Valent%C3%ADn\">Pablo Valent\u00edn<\/a>\u00a0como \u00d3scar<\/li>\n\n\n\n<li><a href=\"https:\/\/es.wikipedia.org\/wiki\/P%C3%ADa_Sanz\">P\u00eda Sanz<\/a>\u00a0como Patricia<\/li>\n\n\n\n<li>Natalia Madera como Alejandra<\/li>\n\n\n\n<li><a href=\"https:\/\/es.wikipedia.org\/wiki\/Erik_D%C3%ADaz_(actor)\">Erik D\u00edaz<\/a>\u00a0como Ricardo<\/li>\n\n\n\n<li>Arena Ibarra como Jimena<\/li>\n\n\n\n<li>Clarisa Gonz\u00e1lez como Jennifer<\/li>\n\n\n\n<li>Lesslie Apodaca como Tamara<\/li>\n\n\n\n<li>Germ\u00e1n Guti\u00e9rrez como Hip\u00f3lito It\u00farbide<\/li>\n\n\n\n<li>Juan Sahag\u00fan como Rub\u00e9n Campos<\/li>\n\n\n\n<li>Gerardo Santinez como Abel<\/li>\n\n\n\n<li>Gustavo Melgarejo como Armando Bedoya<\/li>\n\n\n\n<li>Zaira Navarro como Griselda<\/li>\n\n\n\n<li>Jonny Ontiveros como Ren\u00e9<\/li>\n\n\n\n<li>Patricio Labastida como Sebasti\u00e1n<\/li>\n\n\n\n<li><a href=\"https:\/\/es.wikipedia.org\/wiki\/Cecilia_Ponce\">Cecilia Ponce<\/a>\u00a0como Vanessa S\u00e1enz<\/li>\n\n\n\n<li><a href=\"https:\/\/es.wikipedia.org\/wiki\/Nubia_Mart%C3%AD\">Nubia Mart\u00ed<\/a>\u00a0como Olimpia Lascurain<\/li>\n\n\n\n<li><a href=\"https:\/\/es.wikipedia.org\/wiki\/Fernanda_Borches\">Fernanda Borches<\/a>\u00a0como Cassandra Cant\u00fa<\/li>\n\n\n\n<li><a href=\"https:\/\/es.wikipedia.org\/wiki\/Diego_de_Erice\">Diego de Erice<\/a>\u00a0como Juan Jos\u00e9 Ver\u00e1stegui<\/li>\n\n\n\n<li>Montserrat Curis como Violeta<\/li>\n<\/ul>\n\n\n\n<p class=\"wp-block-paragraph\"><strong>Tr\u00e1iler.<\/strong><strong><\/strong><\/p>\n\n\n\n<figure class=\"wp-block-embed is-type-video is-provider-youtube wp-block-embed-youtube wp-embed-aspect-16-9 wp-has-aspect-ratio\"><div class=\"wp-block-embed__wrapper\">\n<div class=\"jlvid_container \"><iframe title=\"ETERNAMENTE AM\u00c1NDONOS TR\u00c1ILER OFICIAL\" width=\"1200\" height=\"675\" src=\"https:\/\/www.youtube.com\/embed\/EcGBkFR09Yw?feature=oembed\" frameborder=\"0\" allow=\"accelerometer; autoplay; clipboard-write; encrypted-media; gyroscope; picture-in-picture; web-share\" referrerpolicy=\"strict-origin-when-cross-origin\" allowfullscreen><\/iframe><\/div>\n<\/div><\/figure>\n","protected":false},"excerpt":{"rendered":"<p>Desde este lunes 31 de agosto a las 11:05 de la ma\u00f1ana y 7:10 de la noche, TL Novelas (canal 216 Claro TV, canales 23 y 723 HD Movistar TV)&nbsp;&nbsp;estrena \u201cEternamente am\u00e1ndonos\u201d,&nbsp;producida por&nbsp;Silvia Cano&nbsp;para&nbsp;TelevisaUnivision&nbsp;en el 2023.&nbsp; La telenovela es una versi\u00f3n de la&nbsp;serie de televisi\u00f3n&nbsp;turca creada por Te\u015frik-i Mesai,&nbsp;\u0130stanbullu Gelin, siendo adaptado por Rossana Curiel, [&hellip;]<\/p>\n","protected":false},"author":1,"featured_media":239077,"comment_status":"open","ping_status":"open","sticky":false,"template":"","format":"standard","meta":{"footnotes":""},"categories":[68,89,90,91],"tags":[11148,5825,11153,11155,11149,11158,11156,11151,11150,5999,11152,2334,11154],"class_list":["post-239076","post","type-post","status-publish","format-standard","has-post-thumbnail","hentry","category-avant-premiere","category-telenovelas","category-television","category-trailer","tag-alejandra-robles-gil","tag-ana-bertha-espin","tag-arantza-ruiz","tag-david-caro-levy","tag-diana-bracho","tag-eternamente-amandonos","tag-francisco-pizana","tag-gema-garoa","tag-juan-martin-jauregui","tag-marcus-ornellas","tag-patricio-jose-campos","tag-rossana-najera","tag-valentina-buzzurro"],"_links":{"self":[{"href":"https:\/\/ernestojerardo.com\/index.php\/wp-json\/wp\/v2\/posts\/239076","targetHints":{"allow":["GET"]}}],"collection":[{"href":"https:\/\/ernestojerardo.com\/index.php\/wp-json\/wp\/v2\/posts"}],"about":[{"href":"https:\/\/ernestojerardo.com\/index.php\/wp-json\/wp\/v2\/types\/post"}],"author":[{"embeddable":true,"href":"https:\/\/ernestojerardo.com\/index.php\/wp-json\/wp\/v2\/users\/1"}],"replies":[{"embeddable":true,"href":"https:\/\/ernestojerardo.com\/index.php\/wp-json\/wp\/v2\/comments?post=239076"}],"version-history":[{"count":2,"href":"https:\/\/ernestojerardo.com\/index.php\/wp-json\/wp\/v2\/posts\/239076\/revisions"}],"predecessor-version":[{"id":239080,"href":"https:\/\/ernestojerardo.com\/index.php\/wp-json\/wp\/v2\/posts\/239076\/revisions\/239080"}],"wp:featuredmedia":[{"embeddable":true,"href":"https:\/\/ernestojerardo.com\/index.php\/wp-json\/wp\/v2\/media\/239077"}],"wp:attachment":[{"href":"https:\/\/ernestojerardo.com\/index.php\/wp-json\/wp\/v2\/media?parent=239076"}],"wp:term":[{"taxonomy":"category","embeddable":true,"href":"https:\/\/ernestojerardo.com\/index.php\/wp-json\/wp\/v2\/categories?post=239076"},{"taxonomy":"post_tag","embeddable":true,"href":"https:\/\/ernestojerardo.com\/index.php\/wp-json\/wp\/v2\/tags?post=239076"}],"curies":[{"name":"wp","href":"https:\/\/api.w.org\/{rel}","templated":true}]}}