{"id":239073,"date":"2026-08-30T08:33:51","date_gmt":"2026-08-30T13:33:51","guid":{"rendered":"https:\/\/ernestojerardo.com\/?p=239073"},"modified":"2026-08-31T08:35:38","modified_gmt":"2026-08-31T13:35:38","slug":"amanda-portales-la-leyenda-viva-del-folclore-vuelve-al-gran-teatro-nacional-con-la-segunda-edicion-de-arte-puro","status":"publish","type":"post","link":"https:\/\/ernestojerardo.com\/index.php\/2026\/08\/30\/amanda-portales-la-leyenda-viva-del-folclore-vuelve-al-gran-teatro-nacional-con-la-segunda-edicion-de-arte-puro\/","title":{"rendered":"Amanda Portales: La Leyenda Viva del Folclore vuelve al Gran Teatro Nacional con la segunda edici\u00f3n de \u201cArte Puro\u201d"},"content":{"rendered":"\n<p class=\"wp-block-paragraph\"><strong>La destacada cantante ofrecer\u00e1&nbsp;dos funciones, el jueves 12 y viernes 13 de noviembre, con estrenos musicales y una nueva producci\u00f3n que reafirma su apuesta por los conciertos tem\u00e1ticos, formato con el que durante d\u00e9cadas ha llevado la m\u00fasica tradicional peruana a los principales escenarios del pa\u00eds.<\/strong><strong><\/strong><\/p>\n\n\n\n<p class=\"wp-block-paragraph\"><strong>Amanda Portales<\/strong>&nbsp;podr\u00eda mirar hacia atr\u00e1s despu\u00e9s de seis d\u00e9cadas sobre los escenarios, pero ha elegido seguir creando. La&nbsp;<strong>Leyenda Viva del Folclore<\/strong>&nbsp;peruano volver\u00e1 al&nbsp;<strong>Gran Teatro Nacional<\/strong>&nbsp;con la segunda edici\u00f3n de&nbsp;<strong>\u201cArte Puro\u201d<\/strong>, un gran espect\u00e1culo que presentar\u00e1&nbsp;<strong>en dos funciones, el jueves 12 y viernes 13 de noviembre<\/strong>, y en el que estrenar\u00e1 canciones especialmente preparadas para esta nueva producci\u00f3n.<\/p>\n\n\n\n<p class=\"wp-block-paragraph\">El espect\u00e1culo retoma el concepto de&nbsp;<strong>\u201cArte Puro\u201d<\/strong>, nombre que naci\u00f3 del propio cari\u00f1o de su p\u00fablico, que durante a\u00f1os ha resumido sus presentaciones con esta frase que&nbsp;<strong>Amanda<\/strong>&nbsp;convirti\u00f3 en emblema. Esta segunda edici\u00f3n llega con una propuesta renovada y representa tambi\u00e9n un cierre simb\u00f3lico de las celebraciones por sus 60 a\u00f1os de trayectoria, pero con la mirada puesta en una carrera que contin\u00faa sumando repertorio y nuevos proyectos.<\/p>\n\n\n\n<p class=\"wp-block-paragraph\">\u201cEstoy totalmente agradecida a Dios por protegerme y darme la fuerza para seguir adelante, nutri\u00e9ndome de la vitalidad necesaria para seguir en este bello arte\u201d, expresa&nbsp;<strong>Amanda<\/strong>, quien se prepara para volver al primer escenario del pa\u00eds con la misma pasi\u00f3n que ha acompa\u00f1ado su trayectoria.<\/p>\n\n\n\n<p class=\"wp-block-paragraph\">Una de las principales novedades de&nbsp;<strong>\u201cArte Puro II\u201d<\/strong>&nbsp;ser\u00e1 el&nbsp;<strong>estreno de tres canciones<\/strong>: una composici\u00f3n de&nbsp;<strong>Juan Arana<\/strong>, otra de la propia&nbsp;<strong>Amanda Portales<\/strong>&nbsp;y una tercera que se mantendr\u00e1 como&nbsp;<strong>sorpresa musical<\/strong>. Los nuevos temas convivir\u00e1n con una selecci\u00f3n especial de las canciones m\u00e1s representativas de su repertorio.<\/p>\n\n\n\n<p class=\"wp-block-paragraph\">\u201cEn esta oportunidad, con mucha motivaci\u00f3n y pasi\u00f3n, interpretar\u00e9 una selecci\u00f3n de hermosas canciones de lo m\u00e1s cl\u00e1sico y representativo de mi repertorio, matizadas con otros bellos temas de mis diferentes grabaciones musicales. Adem\u00e1s, versionar\u00e9 a mi estilo imborrables temas de anta\u00f1o y de la actualidad, como un regalo a mi generoso y querido p\u00fablico que siempre me acompa\u00f1a\u201d, adelanta la Novia del Per\u00fa.<\/p>\n\n\n\n<p class=\"wp-block-paragraph\"><strong>\u201cArte Puro II\u201d&nbsp;<\/strong>ser\u00e1 un gran espect\u00e1culo en vivo, con acompa\u00f1amiento musical de primera calidad, coros, coreograf\u00edas, danzas, luces y sonido, adem\u00e1s de las tradicionales sorpresas que Amanda suele reservar para sus grandes conciertos. Concebida para ser disfrutada en familia, la puesta en escena buscar\u00e1 poner en alto la riqueza de la identidad cultural peruana a trav\u00e9s de la m\u00fasica y las tradiciones que han marcado su carrera.<\/p>\n\n\n\n<p class=\"wp-block-paragraph\">Con esta nueva producci\u00f3n,&nbsp;<strong>Amanda Portales<\/strong>&nbsp;se consolida como una de las artistas peruanas que m\u00e1s ha apostado por los recitales tem\u00e1ticos en teatro, una caracter\u00edstica que ha distinguido su trayectoria y le ha permitido convertir sus conciertos en propuestas dedicadas a diferentes repertorios y expresiones de nuestra m\u00fasica. Varios de estos espect\u00e1culos han contado adem\u00e1s con el respaldo de la grabaci\u00f3n del canal del Estado para su mayor difusi\u00f3n, ampliando su alcance m\u00e1s all\u00e1 de las salas en las que fueron presentados.<\/p>\n\n\n\n<p class=\"wp-block-paragraph\">Gestora del D\u00eda de la Canci\u00f3n Andina, condecorada por el Estado peruano con la Orden al M\u00e9rito por Servicios Distinguidos en el grado de Comendador y reconocida por la Universidad Nacional Mayor de San Marcos (UNMSM) con \u201cLa Excelencia Art\u00edstica 2004 del Folklore Andino\u201d,&nbsp;<strong>Amanda Portales<\/strong>&nbsp;ha dedicado su vida no solo a interpretar el folclore, sino tambi\u00e9n a investigarlo, grabarlo, difundirlo y mantenerlo vivo para nuevas generaciones.<\/p>\n\n\n\n<p class=\"wp-block-paragraph\">\u201cEstoy segura de que ser\u00e1n dos noches inolvidables, donde viviremos intensas emociones, gozando de bellas canciones, envueltos por el encanto m\u00e1gico del Gran Teatro Nacional\u201d, invita la cantante.<\/p>\n\n\n\n<p class=\"wp-block-paragraph\"><strong>ENT\u00c9RATE!!!<\/strong><\/p>\n\n\n\n<p class=\"wp-block-paragraph\"><strong>Concierto:<\/strong>&nbsp;Amanda Portales \u2013 \u201cArte Puro II\u201d.<br><strong>Fechas:<\/strong>&nbsp;Jueves 12 y viernes 13 de noviembre de 2026.<br><strong>Hora:<\/strong>&nbsp;8:00 p. m.<br><strong>Lugar:<\/strong>&nbsp;Gran Teatro Nacional.<br><strong>Entradas en<\/strong>&nbsp;<strong>Teleticket<\/strong>:&nbsp;<a href=\"https:\/\/teleticket.com.pe\/evento\/amanda-portales-arte-puro-ii-gran-teatro-nacional\" target=\"_blank\" rel=\"noopener\">https:\/\/teleticket.com.pe\/evento\/amanda-portales-arte-puro-ii-gran-teatro-nacional<\/a><\/p>\n\n\n\n<p class=\"wp-block-paragraph\"><strong>Pre venta:<\/strong>\u00a015% de descuento hasta el lunes 31 de agosto\u00a0y\/o hasta agotar stock.<\/p>\n","protected":false},"excerpt":{"rendered":"<p>La destacada cantante ofrecer\u00e1&nbsp;dos funciones, el jueves 12 y viernes 13 de noviembre, con estrenos musicales y una nueva producci\u00f3n que reafirma su apuesta por los conciertos tem\u00e1ticos, formato con el que durante d\u00e9cadas ha llevado la m\u00fasica tradicional peruana a los principales escenarios del pa\u00eds. Amanda Portales&nbsp;podr\u00eda mirar hacia atr\u00e1s despu\u00e9s de seis d\u00e9cadas [&hellip;]<\/p>\n","protected":false},"author":1,"featured_media":239074,"comment_status":"open","ping_status":"open","sticky":false,"template":"","format":"standard","meta":{"footnotes":""},"categories":[72,80,88],"tags":[11145,11147,6167,134,11146,9163,109],"class_list":["post-239073","post","type-post","status-publish","format-standard","has-post-thumbnail","hentry","category-cultural","category-musica","category-teatro","tag-amanda-portales","tag-arte-puro","tag-folclore","tag-gran-teatro-nacional","tag-leyenda-viva","tag-segunda-edicion","tag-vuelve"],"_links":{"self":[{"href":"https:\/\/ernestojerardo.com\/index.php\/wp-json\/wp\/v2\/posts\/239073","targetHints":{"allow":["GET"]}}],"collection":[{"href":"https:\/\/ernestojerardo.com\/index.php\/wp-json\/wp\/v2\/posts"}],"about":[{"href":"https:\/\/ernestojerardo.com\/index.php\/wp-json\/wp\/v2\/types\/post"}],"author":[{"embeddable":true,"href":"https:\/\/ernestojerardo.com\/index.php\/wp-json\/wp\/v2\/users\/1"}],"replies":[{"embeddable":true,"href":"https:\/\/ernestojerardo.com\/index.php\/wp-json\/wp\/v2\/comments?post=239073"}],"version-history":[{"count":1,"href":"https:\/\/ernestojerardo.com\/index.php\/wp-json\/wp\/v2\/posts\/239073\/revisions"}],"predecessor-version":[{"id":239075,"href":"https:\/\/ernestojerardo.com\/index.php\/wp-json\/wp\/v2\/posts\/239073\/revisions\/239075"}],"wp:featuredmedia":[{"embeddable":true,"href":"https:\/\/ernestojerardo.com\/index.php\/wp-json\/wp\/v2\/media\/239074"}],"wp:attachment":[{"href":"https:\/\/ernestojerardo.com\/index.php\/wp-json\/wp\/v2\/media?parent=239073"}],"wp:term":[{"taxonomy":"category","embeddable":true,"href":"https:\/\/ernestojerardo.com\/index.php\/wp-json\/wp\/v2\/categories?post=239073"},{"taxonomy":"post_tag","embeddable":true,"href":"https:\/\/ernestojerardo.com\/index.php\/wp-json\/wp\/v2\/tags?post=239073"}],"curies":[{"name":"wp","href":"https:\/\/api.w.org\/{rel}","templated":true}]}}