{"id":237215,"date":"2026-07-17T13:29:00","date_gmt":"2026-07-17T18:29:00","guid":{"rendered":"https:\/\/ernestojerardo.com\/?p=237215"},"modified":"2026-07-18T10:37:44","modified_gmt":"2026-07-18T15:37:44","slug":"fondo-editorial-de-la-universidad-del-pacifico-presentara-siete-novedades-editoriales-en-la-feria-internacional-del-libro-de-lima-2026","status":"publish","type":"post","link":"https:\/\/ernestojerardo.com\/index.php\/2026\/07\/17\/fondo-editorial-de-la-universidad-del-pacifico-presentara-siete-novedades-editoriales-en-la-feria-internacional-del-libro-de-lima-2026\/","title":{"rendered":"Fondo Editorial de la Universidad del Pac\u00edfico presentar\u00e1 siete novedades editoriales en la Feria Internacional del Libro de Lima 2026"},"content":{"rendered":"\n<p class=\"wp-block-paragraph\"><strong>Desde investigaciones y reflexiones sobre temas de actualidad, estos libros permitir\u00e1n a los lectores estar en contacto con un conocimiento riguroso, relevante y accesible.<\/strong><\/p>\n\n\n\n<p class=\"wp-block-paragraph\">El <a href=\"https:\/\/fondoeditorial.up.edu.pe\/\">Fondo Editorial de la Universidad del Pac\u00edfico (UP)<\/a> participar\u00e1 en la 30.\u00aa edici\u00f3n de la Feria Internacional del Libro (FIL) de Lima 2026, que se realizar\u00e1 del mi\u00e9rcoles 22 de julio al jueves 6 de agosto en el Centro de Exposiciones Jockey de Santiago de Surco. En esta edici\u00f3n acercar\u00e1 el conocimiento a la ciudadan\u00eda mediante siete novedades editoriales que abordan temas como el desarrollo profesional, el ecosistema de startups, la filantrop\u00eda, el derecho constitucional, el marketing y el patrimonio cultural. Todas las publicaciones buscan poner investigaciones y reflexiones de alto valor al alcance de un p\u00fablico cada vez m\u00e1s amplio.<\/p>\n\n\n\n<p class=\"wp-block-paragraph\">Estas son algunas de las novedades para esta edici\u00f3n:<\/p>\n\n\n\n<p class=\"wp-block-paragraph\"><strong>El tri\u00e1ngulo del exceso. Startups, founders y capital ilimitado en la era digital.<\/strong><\/p>\n\n\n\n<p class=\"wp-block-paragraph\"><strong>Autor: Rub\u00e9n Montenegro.<\/strong><\/p>\n\n\n\n<p class=\"wp-block-paragraph\"><strong>(Presentaci\u00f3n: Jueves 23 de julio a las 7:00 p. m. &#8211; Auditorio Jos\u00e9 Mar\u00eda Arguedas).<\/strong><\/p>\n\n\n\n<p class=\"wp-block-paragraph\">Este libro analiza una nueva categor\u00eda de colapsos empresariales nacidos de la convergencia entre startups de crecimiento acelerado, capital abundante y founders capaces de movilizar narrativas poderosas. A trav\u00e9s del concepto del \u201cTri\u00e1ngulo del Exceso\u201d, examina c\u00f3mo la innovaci\u00f3n, la ingenier\u00eda financiera y la presi\u00f3n por escalar pueden derivar en estructuras fr\u00e1giles o insostenibles. Con una mirada anal\u00edtica, explora casos emblem\u00e1ticos de la econom\u00eda digital para comprender si estos excesos responden a fallas individuales o a un sistema que premia la desmesura mientras genera resultados.<\/p>\n\n\n\n<p class=\"wp-block-paragraph\"><strong>Tinkuy. La fiesta de la Virgen del Carmen de Paucartambo.<\/strong><\/p>\n\n\n\n<p class=\"wp-block-paragraph\"><strong>Autora: Pilar Pedraza.<\/strong><\/p>\n\n\n\n<p class=\"wp-block-paragraph\"><strong>(Presentaci\u00f3n: S\u00e1bado 25 de julio a las 6:00 p. m. &#8211; Auditorio C\u00e9sar Vallejo).<\/strong><\/p>\n\n\n\n<p class=\"wp-block-paragraph\">Esta publicaci\u00f3n de formato especial, editada por el Centro Cultural de la Universidad del Pac\u00edfico junto con la autora y fot\u00f3grafa Pilar Pedraza, re\u00fane una colecci\u00f3n de im\u00e1genes dedicadas a la fiesta de la Virgen del Carmen de Paucartambo, una de las manifestaciones culturales m\u00e1s representativas del pa\u00eds. Presentada en una caja que contiene tres peque\u00f1os libros, la obra propone un recorrido visual por la riqueza simb\u00f3lica, art\u00edstica y tradicional de esta celebraci\u00f3n.<\/p>\n\n\n\n<p class=\"wp-block-paragraph\"><strong>\u00bfEn la edad del retiro? Dilemas y decisiones en la madurez profesional.<\/strong><\/p>\n\n\n\n<p class=\"wp-block-paragraph\"><strong>Autora: Elsa Del Castillo.<\/strong><\/p>\n\n\n\n<p class=\"wp-block-paragraph\"><strong>(Presentaci\u00f3n: s\u00e1bado 1 de agosto a las 8:00 p. m. &#8211; Auditorio Laura Riesco).<\/strong><\/p>\n\n\n\n<p class=\"wp-block-paragraph\">A partir de investigaci\u00f3n, testimonios y marcos te\u00f3ricos, esta publicaci\u00f3n propone una reflexi\u00f3n sobre la jubilaci\u00f3n y el retiro como etapas clave en la vida profesional y personal. El libro invita a anticipar y preparar conscientemente esta transici\u00f3n, entendida no como un final, sino como una oportunidad para redefinir proyectos y prop\u00f3sitos. Dirigido especialmente a quienes atraviesan o est\u00e1n pr\u00f3ximos a esta etapa, ofrece herramientas para comprender los desaf\u00edos y decisiones que acompa\u00f1an este proceso.<\/p>\n\n\n\n<p class=\"wp-block-paragraph\"><strong>\u201cManual de Derecho Constitucional General\u201d.<\/strong><\/p>\n\n\n\n<p class=\"wp-block-paragraph\"><strong>Autor: Javier Alb\u00e1n.<\/strong><\/p>\n\n\n\n<p class=\"wp-block-paragraph\"><strong>(Presentaci\u00f3n: Jueves 6 de agosto a las 2:00 p. m. &#8211; Auditorio Jos\u00e9 Mar\u00eda Arguedas).<\/strong><\/p>\n\n\n\n<p class=\"wp-block-paragraph\">Este manual ofrece una introducci\u00f3n clara y did\u00e1ctica al Derecho Constitucional para estudiantes de pregrado. En este primer volumen desarrolla temas como la teor\u00eda del Estado, la constitucionalizaci\u00f3n del Derecho y la organizaci\u00f3n del Estado peruano. Con un enfoque accesible, recursos visuales y propuestas interactivas, la obra busca facilitar la comprensi\u00f3n de conceptos fundamentales sin perder el rigor acad\u00e9mico y contribuir al fortalecimiento de la cultura constitucional en el pa\u00eds.<\/p>\n\n\n\n<p class=\"wp-block-paragraph\"><strong>Las mejores pr\u00e1cticas del marketing. Casos ganadores de los Premios EFFIE Per\u00fa 2025.<\/strong><\/p>\n\n\n\n<p class=\"wp-block-paragraph\"><strong>Editores: Mart\u00edn Hernani-Merino, David Mayorga y Carla Pennano.<\/strong><\/p>\n\n\n\n<p class=\"wp-block-paragraph\"><strong>(Presentaci\u00f3n: Jueves 6 de agosto a las 4:00 p. m. &#8211; Auditorio C\u00e9sar Vallejo).<\/strong><\/p>\n\n\n\n<p class=\"wp-block-paragraph\">Esta publicaci\u00f3n re\u00fane trece campa\u00f1as ganadoras de los Premios EFFIE Per\u00fa 2025, reconocidas por la efectividad de sus estrategias y resultados. A trav\u00e9s del an\u00e1lisis de estos casos, el libro muestra c\u00f3mo la creatividad, respaldada por una estrategia s\u00f3lida, el an\u00e1lisis de datos y una ejecuci\u00f3n rigurosa, contribuye al crecimiento de las organizaciones en un entorno de constante transformaci\u00f3n digital y consumidores cada vez m\u00e1s exigentes. La obra est\u00e1 dirigida a estudiantes y profesionales del marketing.<\/p>\n\n\n\n<p class=\"wp-block-paragraph\"><strong>\u201cC\u00f3mo transformar la filantrop\u00eda en el Per\u00fa\u201d.<\/strong><\/p>\n\n\n\n<p class=\"wp-block-paragraph\"><strong>Autor: Vicente Le\u00f3n.<\/strong><\/p>\n\n\n\n<p class=\"wp-block-paragraph\">Esta publicaci\u00f3n analiza la evoluci\u00f3n del ecosistema filantr\u00f3pico peruano entre 2017 y 2025, identificando sus avances, desaf\u00edos y oportunidades de transformaci\u00f3n. Ofrece un diagn\u00f3stico del sector y propone estrategias para fortalecer su eficiencia, sostenibilidad e impacto. El libro plantea la filantrop\u00eda como una herramienta de cambio social capaz de generar bienes p\u00fablicos y contribuir al desarrollo del pa\u00eds.<\/p>\n\n\n\n<p class=\"wp-block-paragraph\"><strong>\u201cContabilidad de costos y de gesti\u00f3n\u201d (3.\u00aa edici\u00f3n).<\/strong><\/p>\n\n\n\n<p class=\"wp-block-paragraph\"><strong>Autor: Sergey Udolkin Dakova.<\/strong><\/p>\n\n\n\n<p class=\"wp-block-paragraph\">Dirigido tanto a estudiantes como a profesionales, este libro destaca la importancia de contar con informaci\u00f3n de costos clara y confiable para evaluar la rentabilidad, fijar precios y tomar decisiones informadas en un entorno empresarial competitivo. Esta tercera edici\u00f3n incorpora enfoques contempor\u00e1neos que complementan conceptos y t\u00e9cnicas previas, manteniendo una propuesta pedag\u00f3gica que integra el desarrollo te\u00f3rico con su aplicaci\u00f3n pr\u00e1ctica.<\/p>\n\n\n\n<p class=\"wp-block-paragraph\">Con esta participaci\u00f3n en la FIL Lima 2026, el Fondo Editorial de la Universidad del Pac\u00edfico reafirma su compromiso de poner el conocimiento al alcance de todos mediante publicaciones rigurosas, relevantes y accesibles que contribuyen a comprender mejor los principales desaf\u00edos del pa\u00eds y aportar a su desarrollo.<\/p>\n\n\n\n<p class=\"wp-block-paragraph\"><strong>Encuentra los t\u00edtulos del Fondo Editorial UP en el stand #13 y en su<\/strong><a href=\"https:\/\/fondoeditorial.up.edu.pe\/\"><strong> tienda virtual<\/strong><\/a><strong>.<\/strong><\/p>\n","protected":false},"excerpt":{"rendered":"<p>Desde investigaciones y reflexiones sobre temas de actualidad, estos libros permitir\u00e1n a los lectores estar en contacto con un conocimiento riguroso, relevante y accesible. El Fondo Editorial de la Universidad del Pac\u00edfico (UP) participar\u00e1 en la 30.\u00aa edici\u00f3n de la Feria Internacional del Libro (FIL) de Lima 2026, que se realizar\u00e1 del mi\u00e9rcoles 22 de [&hellip;]<\/p>\n","protected":false},"author":1,"featured_media":237216,"comment_status":"open","ping_status":"open","sticky":false,"template":"","format":"standard","meta":{"footnotes":""},"categories":[72,77,79],"tags":[8527,8526,8523,8525,4024,7559,8524],"class_list":["post-237215","post","type-post","status-publish","format-standard","has-post-thumbnail","hentry","category-cultural","category-eventos","category-libros","tag-desde-investigaciones","tag-feria-internacional-del-libro-fil","tag-fondo-editorial-de-la-universidad-del-pacifico","tag-novedades-editoriales","tag-presentara","tag-reflexiones","tag-siete"],"_links":{"self":[{"href":"https:\/\/ernestojerardo.com\/index.php\/wp-json\/wp\/v2\/posts\/237215","targetHints":{"allow":["GET"]}}],"collection":[{"href":"https:\/\/ernestojerardo.com\/index.php\/wp-json\/wp\/v2\/posts"}],"about":[{"href":"https:\/\/ernestojerardo.com\/index.php\/wp-json\/wp\/v2\/types\/post"}],"author":[{"embeddable":true,"href":"https:\/\/ernestojerardo.com\/index.php\/wp-json\/wp\/v2\/users\/1"}],"replies":[{"embeddable":true,"href":"https:\/\/ernestojerardo.com\/index.php\/wp-json\/wp\/v2\/comments?post=237215"}],"version-history":[{"count":1,"href":"https:\/\/ernestojerardo.com\/index.php\/wp-json\/wp\/v2\/posts\/237215\/revisions"}],"predecessor-version":[{"id":237217,"href":"https:\/\/ernestojerardo.com\/index.php\/wp-json\/wp\/v2\/posts\/237215\/revisions\/237217"}],"wp:featuredmedia":[{"embeddable":true,"href":"https:\/\/ernestojerardo.com\/index.php\/wp-json\/wp\/v2\/media\/237216"}],"wp:attachment":[{"href":"https:\/\/ernestojerardo.com\/index.php\/wp-json\/wp\/v2\/media?parent=237215"}],"wp:term":[{"taxonomy":"category","embeddable":true,"href":"https:\/\/ernestojerardo.com\/index.php\/wp-json\/wp\/v2\/categories?post=237215"},{"taxonomy":"post_tag","embeddable":true,"href":"https:\/\/ernestojerardo.com\/index.php\/wp-json\/wp\/v2\/tags?post=237215"}],"curies":[{"name":"wp","href":"https:\/\/api.w.org\/{rel}","templated":true}]}}