{"id":237209,"date":"2026-07-17T13:20:00","date_gmt":"2026-07-17T18:20:00","guid":{"rendered":"https:\/\/ernestojerardo.com\/?p=237209"},"modified":"2026-07-18T10:23:47","modified_gmt":"2026-07-18T15:23:47","slug":"arriba-mi-gente-cristorata-golpea-a-joven-en-plena-transmision-y-ahora-la-victima-denuncia-amenazas-de-muerte","status":"publish","type":"post","link":"https:\/\/ernestojerardo.com\/index.php\/2026\/07\/17\/arriba-mi-gente-cristorata-golpea-a-joven-en-plena-transmision-y-ahora-la-victima-denuncia-amenazas-de-muerte\/","title":{"rendered":"\u201cArriba Mi Gente\u201d: CristoRata\u00a0golpea a joven en plena transmisi\u00f3n y ahora la v\u00edctima denuncia amenazas de muerte"},"content":{"rendered":"\n<p class=\"wp-block-paragraph\"><strong>\u00ab\u00c9l empez\u00f3 con todo. Incluso mand\u00f3 a apagar su c\u00e1mara porque ah\u00ed iba a pegarme\u00bb<\/strong>, denunci\u00f3 Owen L\u00f3pez, joven de veinte a\u00f1os,&nbsp;en&nbsp;\u201c<strong>Arriba Mi Gente\u201d<\/strong>, donde cont\u00f3 por primera vez su versi\u00f3n de la agresi\u00f3n que sufri\u00f3 presuntamente a manos del&nbsp;streamer&nbsp;Christopher Puente, conocido como&nbsp;<strong>CristoRata<\/strong>.<\/p>\n\n\n\n<p class=\"wp-block-paragraph\"><strong>\u00abNosotros est\u00e1bamos sentados conversando. \u00c9l se acerc\u00f3 a hacer su entrevista, empez\u00f3 a bromear y yo le segu\u00ed el juego. En ning\u00fan momento me ofend\u00ed. Pero cuando le record\u00e9 una pol\u00e9mica que hab\u00eda tenido antes, se molest\u00f3 y comenz\u00f3 a agredirme f\u00edsicamente\u00bb<\/strong>, relat\u00f3 el joven.<\/p>\n\n\n\n<p class=\"wp-block-paragraph\"><strong>\u00abMe dio una cachetada, me rompi\u00f3 los lentes y me dej\u00f3 con heridas en el rostro. Yo no me iba a quedar sentado, obviamente me defend\u00ed\u00bb<\/strong>, agreg\u00f3, asegurando que las c\u00e1maras de seguridad confirmar\u00edan c\u00f3mo se iniciaron los hechos.<\/p>\n\n\n\n<p class=\"wp-block-paragraph\">Pero, seg\u00fan Owen, la pesadilla no termin\u00f3 con la agresi\u00f3n.<strong>&nbsp;\u00abQuiero hacer otra denuncia porque este sujeto ha expuesto mis datos personales. No solo una vez, sino dos. No solo los m\u00edos, tambi\u00e9n los de mi familia\u00bb<\/strong>, revel\u00f3 durante la entrevista.<\/p>\n\n\n\n<p class=\"wp-block-paragraph\"><strong>\u00abEmpezaron a llegarme amenazas a mi n\u00famero personal de personas de su comunidad. Me enviaron videos mostrando armas de fuego e incluso han publicado informaci\u00f3n y fotos de mi familia\u00bb<\/strong>, denunci\u00f3 visiblemente preocupado.<\/p>\n\n\n\n<p class=\"wp-block-paragraph\">Arwen Mu\u00f1oz, quien acompa\u00f1aba a Owen el d\u00eda de los hechos, tambi\u00e9n respald\u00f3 su versi\u00f3n.&nbsp;<strong>\u00abNosotros tratamos de socializar con \u00e9l como lo hace siempre en sus transmisiones, pero todo se sali\u00f3 de control cuando \u00e9l le dio el primer golpe a mi amigo\u00bb<\/strong>, afirm\u00f3.<\/p>\n\n\n\n<p class=\"wp-block-paragraph\">La joven tambi\u00e9n confes\u00f3 que cambi\u00f3 por completo la imagen que ten\u00eda del creador de contenido.&nbsp;<strong>\u00abMi concepto cambi\u00f3 bastante. No entiendo c\u00f3mo pueden hacer famosa a una persona que tiene tantas denuncias, que menosprecia a los dem\u00e1s y act\u00faa de esa manera\u00bb<\/strong>, sostuvo.<\/p>\n\n\n\n<p class=\"wp-block-paragraph\">Mientras&nbsp;CristoRata&nbsp;asegura que no inici\u00f3 la pelea, Owen anunci\u00f3 en&nbsp;<strong>Arriba Mi Gente<\/strong>&nbsp;que continuar\u00e1 con las acciones legales por la agresi\u00f3n y por las amenazas que, asegura, viene recibiendo tras hacer p\u00fablica su denuncia. <strong>\u00a1No te pierdas \u201cArriba Mi Gente\u201d, de lunes a viernes a las 9 a.m. por Latina Televisi\u00f3n!<\/strong><\/p>\n","protected":false},"excerpt":{"rendered":"<p>\u00ab\u00c9l empez\u00f3 con todo. Incluso mand\u00f3 a apagar su c\u00e1mara porque ah\u00ed iba a pegarme\u00bb, denunci\u00f3 Owen L\u00f3pez, joven de veinte a\u00f1os,&nbsp;en&nbsp;\u201cArriba Mi Gente\u201d, donde cont\u00f3 por primera vez su versi\u00f3n de la agresi\u00f3n que sufri\u00f3 presuntamente a manos del&nbsp;streamer&nbsp;Christopher Puente, conocido como&nbsp;CristoRata. \u00abNosotros est\u00e1bamos sentados conversando. \u00c9l se acerc\u00f3 a hacer su entrevista, empez\u00f3 [&hellip;]<\/p>\n","protected":false},"author":1,"featured_media":237210,"comment_status":"open","ping_status":"open","sticky":false,"template":"","format":"standard","meta":{"footnotes":""},"categories":[81,90],"tags":[5043,8517,7818,8512,8514,5916,8515],"class_list":["post-237209","post","type-post","status-publish","format-standard","has-post-thumbnail","hentry","category-noticias","category-television","tag-ahora","tag-amenazas-de-muerte","tag-arriba-mi-gente","tag-christopher-puente-cristorata","tag-en-plena-transmision","tag-joven","tag-victima"],"_links":{"self":[{"href":"https:\/\/ernestojerardo.com\/index.php\/wp-json\/wp\/v2\/posts\/237209","targetHints":{"allow":["GET"]}}],"collection":[{"href":"https:\/\/ernestojerardo.com\/index.php\/wp-json\/wp\/v2\/posts"}],"about":[{"href":"https:\/\/ernestojerardo.com\/index.php\/wp-json\/wp\/v2\/types\/post"}],"author":[{"embeddable":true,"href":"https:\/\/ernestojerardo.com\/index.php\/wp-json\/wp\/v2\/users\/1"}],"replies":[{"embeddable":true,"href":"https:\/\/ernestojerardo.com\/index.php\/wp-json\/wp\/v2\/comments?post=237209"}],"version-history":[{"count":1,"href":"https:\/\/ernestojerardo.com\/index.php\/wp-json\/wp\/v2\/posts\/237209\/revisions"}],"predecessor-version":[{"id":237211,"href":"https:\/\/ernestojerardo.com\/index.php\/wp-json\/wp\/v2\/posts\/237209\/revisions\/237211"}],"wp:featuredmedia":[{"embeddable":true,"href":"https:\/\/ernestojerardo.com\/index.php\/wp-json\/wp\/v2\/media\/237210"}],"wp:attachment":[{"href":"https:\/\/ernestojerardo.com\/index.php\/wp-json\/wp\/v2\/media?parent=237209"}],"wp:term":[{"taxonomy":"category","embeddable":true,"href":"https:\/\/ernestojerardo.com\/index.php\/wp-json\/wp\/v2\/categories?post=237209"},{"taxonomy":"post_tag","embeddable":true,"href":"https:\/\/ernestojerardo.com\/index.php\/wp-json\/wp\/v2\/tags?post=237209"}],"curies":[{"name":"wp","href":"https:\/\/api.w.org\/{rel}","templated":true}]}}