{"id":237203,"date":"2026-07-17T12:09:00","date_gmt":"2026-07-17T17:09:00","guid":{"rendered":"https:\/\/ernestojerardo.com\/?p=237203"},"modified":"2026-07-18T10:11:51","modified_gmt":"2026-07-18T15:11:51","slug":"sucedio-en-el-peru-revive-los-hechos-que-dieron-origen-al-distrito-de-independencia","status":"publish","type":"post","link":"https:\/\/ernestojerardo.com\/index.php\/2026\/07\/17\/sucedio-en-el-peru-revive-los-hechos-que-dieron-origen-al-distrito-de-independencia\/","title":{"rendered":"\u201cSucedi\u00f3 en el Per\u00fa\u201d revive los hechos que dieron origen al distrito de Independencia"},"content":{"rendered":"\n<p class=\"wp-block-paragraph\"><strong>Programa del IRTP recoge testimonios y muestra im\u00e1genes de archivo sobre la ocupaci\u00f3n de Pampa de Cueva, donde surgi\u00f3 esta populosa localidad de la zona norte de Lima.<\/strong><\/p>\n\n\n\n<p class=\"wp-block-paragraph\">El programa \u201cSucedi\u00f3 en el Per\u00fa\u201d de TVPer\u00fa estren\u00f3 un nuevo cap\u00edtulo dedicado a la historia del distrito de Independencia. Esta producci\u00f3n del Instituto Nacional de Radio y Televisi\u00f3n del Per\u00fa (IRTP) hace un recorrido hist\u00f3rico sobre el surgimiento de esta populosa localidad ubicada en la zona norte de Lima.<\/p>\n\n\n\n<p class=\"wp-block-paragraph\">En este programa especial (<a href=\"https:\/\/www.youtube.com\/watch?v=WukO_SsY590\" target=\"_blank\" rel=\"noreferrer noopener\">https:\/\/www.youtube.com\/watch?v=WukO_SsY590<\/a>) se presenta el esfuerzo y la organizaci\u00f3n de miles de familias migrantes que llegaron a la capital en busca de una vivienda digna.<\/p>\n\n\n\n<p class=\"wp-block-paragraph\">Como parte de la historia, se mencionan a las primeras asociaciones pro vivienda Tahuantinsuyo y Pampa de Cueva, lideradas por vecinos que organizaron a cientos de familias llegadas desde distintas regiones del pa\u00eds. Con im\u00e1genes de archivo, fotograf\u00edas hist\u00f3ricas y el an\u00e1lisis de especialistas, la producci\u00f3n muestra c\u00f3mo ese esfuerzo colectivo sent\u00f3 las bases para la consolidaci\u00f3n del mencionado distrito lime\u00f1o.<\/p>\n\n\n\n<p class=\"wp-block-paragraph\">Asimismo, el programa destaca el liderazgo de dirigentes vecinales como Victoriano S\u00e1enz Ortega, quien fue uno de los fundadores del distrito de Independencia. Tambi\u00e9n se rescata el impulso de los primeros pobladores y el legado de quienes transformaron un extenso arenal coste\u00f1o en uno de los distritos m\u00e1s importantes de Lima Metropolitana. Adem\u00e1s, se explica el proceso que se sigui\u00f3 para la fundaci\u00f3n del distrito, oficializado mediante la Ley n.\u00b0 14965, del 16 de marzo de 1964.<\/p>\n\n\n\n<p class=\"wp-block-paragraph\">Cada edici\u00f3n de \u201cSucedi\u00f3 en el Per\u00fa\u201d ofrece una producci\u00f3n bien documentada de acontecimientos y personajes que forman parte de la historia nacional, contando con el respaldo de especialistas y material de archivo. El programa se transmite todos los s\u00e1bados, a las 5:00 p. m., por TVPer\u00fa (7.1).<\/p>\n\n\n\n<figure class=\"wp-block-embed is-type-video is-provider-youtube wp-block-embed-youtube wp-embed-aspect-16-9 wp-has-aspect-ratio\"><div class=\"wp-block-embed__wrapper\">\n<div class=\"jlvid_container \"><iframe title=\"\ud83c\udfd9\ufe0f La incre\u00edble historia de Independencia: as\u00ed naci\u00f3 el coraz\u00f3n de Lima Norte | &quot;Sucedi\u00f3 en el Per\u00fa&quot;\" width=\"1200\" height=\"675\" src=\"https:\/\/www.youtube.com\/embed\/WukO_SsY590?feature=oembed\" frameborder=\"0\" allow=\"accelerometer; autoplay; clipboard-write; encrypted-media; gyroscope; picture-in-picture; web-share\" referrerpolicy=\"strict-origin-when-cross-origin\" allowfullscreen><\/iframe><\/div>\n<\/div><\/figure>\n","protected":false},"excerpt":{"rendered":"<p>Programa del IRTP recoge testimonios y muestra im\u00e1genes de archivo sobre la ocupaci\u00f3n de Pampa de Cueva, donde surgi\u00f3 esta populosa localidad de la zona norte de Lima. El programa \u201cSucedi\u00f3 en el Per\u00fa\u201d de TVPer\u00fa estren\u00f3 un nuevo cap\u00edtulo dedicado a la historia del distrito de Independencia. Esta producci\u00f3n del Instituto Nacional de Radio [&hellip;]<\/p>\n","protected":false},"author":1,"featured_media":237204,"comment_status":"open","ping_status":"open","sticky":false,"template":"","format":"standard","meta":{"footnotes":""},"categories":[66,72,90],"tags":[8507,8505,5374,7614,842,1593,8504],"class_list":["post-237203","post","type-post","status-publish","format-standard","has-post-thumbnail","hentry","category-ciudad","category-cultural","category-television","tag-distrito","tag-hechos","tag-independencia","tag-instituto-nacional-de-radio-y-television-del-peru-irtp-2","tag-programa","tag-revive","tag-sucedio-en-el-peru"],"_links":{"self":[{"href":"https:\/\/ernestojerardo.com\/index.php\/wp-json\/wp\/v2\/posts\/237203","targetHints":{"allow":["GET"]}}],"collection":[{"href":"https:\/\/ernestojerardo.com\/index.php\/wp-json\/wp\/v2\/posts"}],"about":[{"href":"https:\/\/ernestojerardo.com\/index.php\/wp-json\/wp\/v2\/types\/post"}],"author":[{"embeddable":true,"href":"https:\/\/ernestojerardo.com\/index.php\/wp-json\/wp\/v2\/users\/1"}],"replies":[{"embeddable":true,"href":"https:\/\/ernestojerardo.com\/index.php\/wp-json\/wp\/v2\/comments?post=237203"}],"version-history":[{"count":1,"href":"https:\/\/ernestojerardo.com\/index.php\/wp-json\/wp\/v2\/posts\/237203\/revisions"}],"predecessor-version":[{"id":237205,"href":"https:\/\/ernestojerardo.com\/index.php\/wp-json\/wp\/v2\/posts\/237203\/revisions\/237205"}],"wp:featuredmedia":[{"embeddable":true,"href":"https:\/\/ernestojerardo.com\/index.php\/wp-json\/wp\/v2\/media\/237204"}],"wp:attachment":[{"href":"https:\/\/ernestojerardo.com\/index.php\/wp-json\/wp\/v2\/media?parent=237203"}],"wp:term":[{"taxonomy":"category","embeddable":true,"href":"https:\/\/ernestojerardo.com\/index.php\/wp-json\/wp\/v2\/categories?post=237203"},{"taxonomy":"post_tag","embeddable":true,"href":"https:\/\/ernestojerardo.com\/index.php\/wp-json\/wp\/v2\/tags?post=237203"}],"curies":[{"name":"wp","href":"https:\/\/api.w.org\/{rel}","templated":true}]}}