{"id":237126,"date":"2026-07-16T11:11:14","date_gmt":"2026-07-16T16:11:14","guid":{"rendered":"https:\/\/ernestojerardo.com\/?p=237126"},"modified":"2026-07-17T11:15:56","modified_gmt":"2026-07-17T16:15:56","slug":"milena-warthon-cumplira-un-sueno-al-abrir-el-concierto-de-zayn-en-lima","status":"publish","type":"post","link":"https:\/\/ernestojerardo.com\/index.php\/2026\/07\/16\/milena-warthon-cumplira-un-sueno-al-abrir-el-concierto-de-zayn-en-lima\/","title":{"rendered":"Milena Warthon cumplir\u00e1 un sue\u00f1o al abrir el concierto de Zayn en Lima"},"content":{"rendered":"\n<p class=\"wp-block-paragraph\"><strong>\u2022 La reconocida cantante, int\u00e9rprete del\u00a0exitoso\u00a0\u00abWarmisitay\u00bb compartir\u00e1 escenario con uno de los artistas que marc\u00f3 su adolescencia. El concierto se realizar\u00e1 el mi\u00e9rcoles 14 de octubre en Costa 21<\/strong><\/p>\n\n\n\n<p class=\"wp-block-paragraph\"><br>Hay sue\u00f1os que tardan a\u00f1os en cumplirse. A los 11 a\u00f1os, Milena Warthon coleccionaba revistas y fotograf\u00edas de ZAYN junto a sus compa\u00f1eras de colegio. Quince a\u00f1os despu\u00e9s, la cantante peruana ser\u00e1 la artista invitada que abrir\u00e1 el concierto del ex integrante de One Direction este mi\u00e9rcoles 14 de octubre en Costa 21, en una noche que promete ser inolvidable para miles de seguidores. Las entradas contin\u00faan disponibles a trav\u00e9s de Teleticket.<\/p>\n\n\n\n<p class=\"wp-block-paragraph\">Reconocida por llevar el pop andino a escenarios internacionales y ganadora de la Gaviota de Plata en el Festival de Vi\u00f1a del Mar 2023 con Warmisitay, Milena suma ahora un nuevo hito a su carrera al formar parte de The KONNAKOL Tour, la gira mundial con la que ZAYN llega por primera vez al Per\u00fa como solista.&nbsp;\u00abSoy fan de ZAYN desde los 11 a\u00f1os. Nunca imagin\u00e9 que alg\u00fan d\u00eda compartir\u00eda un mismo escenario con uno de los artistas que m\u00e1s admir\u00e9 durante mi infancia. Cuando&nbsp;cante&nbsp;&#8216;Milagros&#8217; esa noche&nbsp;sentir\u00e9&nbsp;que todo el camino recorrido habr\u00e1 valido la pena\u00bb, coment\u00f3 emocionada la int\u00e9rprete, quien incluso comparti\u00f3 en sus redes sociales fotograf\u00edas de su ni\u00f1ez donde aparece coleccionando revistas y figuras del cantante.<\/p>\n\n\n\n<p class=\"wp-block-paragraph\">La participaci\u00f3n de Milena Warthon abrir\u00e1 una velada que reunir\u00e1 dos propuestas musicales de alcance internacional: el regreso de ZAYN a los escenarios con su esperado The KONNAKOL Tour y una de las artistas peruanas m\u00e1s importantes de la nueva generaci\u00f3n, en un encuentro que promete convertirse en uno de los momentos m\u00e1s especiales del calendario de conciertos de este a\u00f1o.<\/p>\n\n\n\n<p class=\"wp-block-paragraph\">Link video.&nbsp;<\/p>\n\n\n\n<figure class=\"wp-block-embed is-type-video is-provider-youtube wp-block-embed-youtube wp-embed-aspect-16-9 wp-has-aspect-ratio\"><div class=\"wp-block-embed__wrapper\">\n<div class=\"jlvid_container \"><iframe title=\"ZAYN - PILLOWTALK (Official Video)\" width=\"1200\" height=\"675\" src=\"https:\/\/www.youtube.com\/embed\/C_3d6GntKbk?feature=oembed\" frameborder=\"0\" allow=\"accelerometer; autoplay; clipboard-write; encrypted-media; gyroscope; picture-in-picture; web-share\" referrerpolicy=\"strict-origin-when-cross-origin\" allowfullscreen><\/iframe><\/div>\n<\/div><\/figure>\n\n\n\n<p class=\"wp-block-paragraph\">V\u00eddeo Milena.&nbsp;<\/p>\n\n\n\n<figure class=\"wp-block-embed is-type-video is-provider-youtube wp-block-embed-youtube wp-embed-aspect-16-9 wp-has-aspect-ratio\"><div class=\"wp-block-embed__wrapper\">\n<div class=\"jlvid_container \"><iframe title=\"WARMISITAY - Milena Warthon (Video Oficial)\" width=\"1200\" height=\"675\" src=\"https:\/\/www.youtube.com\/embed\/k83VMCZnOro?feature=oembed\" frameborder=\"0\" allow=\"accelerometer; autoplay; clipboard-write; encrypted-media; gyroscope; picture-in-picture; web-share\" referrerpolicy=\"strict-origin-when-cross-origin\" allowfullscreen><\/iframe><\/div>\n<\/div><\/figure>\n","protected":false},"excerpt":{"rendered":"<p>\u2022 La reconocida cantante, int\u00e9rprete del\u00a0exitoso\u00a0\u00abWarmisitay\u00bb compartir\u00e1 escenario con uno de los artistas que marc\u00f3 su adolescencia. El concierto se realizar\u00e1 el mi\u00e9rcoles 14 de octubre en Costa 21 Hay sue\u00f1os que tardan a\u00f1os en cumplirse. A los 11 a\u00f1os, Milena Warthon coleccionaba revistas y fotograf\u00edas de ZAYN junto a sus compa\u00f1eras de colegio. Quince [&hellip;]<\/p>\n","protected":false},"author":1,"featured_media":237127,"comment_status":"open","ping_status":"open","sticky":false,"template":"","format":"standard","meta":{"footnotes":""},"categories":[71,67,80,272],"tags":[3316,8396,181,6606,8399,8306,8398,2392],"class_list":["post-237126","post","type-post","status-publish","format-standard","has-post-thumbnail","hentry","category-conciertos","category-internacional","category-musica","category-video-clip","tag-concierto","tag-cumplira","tag-lima","tag-milena-warthon","tag-reconocida-cantante","tag-sueno","tag-warmisitay","tag-zayn"],"_links":{"self":[{"href":"https:\/\/ernestojerardo.com\/index.php\/wp-json\/wp\/v2\/posts\/237126","targetHints":{"allow":["GET"]}}],"collection":[{"href":"https:\/\/ernestojerardo.com\/index.php\/wp-json\/wp\/v2\/posts"}],"about":[{"href":"https:\/\/ernestojerardo.com\/index.php\/wp-json\/wp\/v2\/types\/post"}],"author":[{"embeddable":true,"href":"https:\/\/ernestojerardo.com\/index.php\/wp-json\/wp\/v2\/users\/1"}],"replies":[{"embeddable":true,"href":"https:\/\/ernestojerardo.com\/index.php\/wp-json\/wp\/v2\/comments?post=237126"}],"version-history":[{"count":1,"href":"https:\/\/ernestojerardo.com\/index.php\/wp-json\/wp\/v2\/posts\/237126\/revisions"}],"predecessor-version":[{"id":237128,"href":"https:\/\/ernestojerardo.com\/index.php\/wp-json\/wp\/v2\/posts\/237126\/revisions\/237128"}],"wp:featuredmedia":[{"embeddable":true,"href":"https:\/\/ernestojerardo.com\/index.php\/wp-json\/wp\/v2\/media\/237127"}],"wp:attachment":[{"href":"https:\/\/ernestojerardo.com\/index.php\/wp-json\/wp\/v2\/media?parent=237126"}],"wp:term":[{"taxonomy":"category","embeddable":true,"href":"https:\/\/ernestojerardo.com\/index.php\/wp-json\/wp\/v2\/categories?post=237126"},{"taxonomy":"post_tag","embeddable":true,"href":"https:\/\/ernestojerardo.com\/index.php\/wp-json\/wp\/v2\/tags?post=237126"}],"curies":[{"name":"wp","href":"https:\/\/api.w.org\/{rel}","templated":true}]}}