{"id":237123,"date":"2026-07-16T10:45:54","date_gmt":"2026-07-16T15:45:54","guid":{"rendered":"https:\/\/ernestojerardo.com\/?p=237123"},"modified":"2026-07-17T10:52:01","modified_gmt":"2026-07-17T15:52:01","slug":"instituto-nacional-de-radio-y-television-del-peru-difundira-contenidos-sobre-el-funcionamiento-y-actividades-del-sistema-de-justicia","status":"publish","type":"post","link":"https:\/\/ernestojerardo.com\/index.php\/2026\/07\/16\/instituto-nacional-de-radio-y-television-del-peru-difundira-contenidos-sobre-el-funcionamiento-y-actividades-del-sistema-de-justicia\/","title":{"rendered":"Instituto Nacional de Radio y Televisi\u00f3n del Per\u00fa difundir\u00e1 contenidos sobre el funcionamiento y actividades del sistema de justicia"},"content":{"rendered":"\n<p class=\"wp-block-paragraph\"><strong>Dicho medio de comunicaci\u00f3n firm\u00f3 un convenio de cooperaci\u00f3n con la Junta Nacional de Justicia.<\/strong><\/p>\n\n\n\n<p class=\"wp-block-paragraph\">El Instituto Nacional de Radio y Televisi\u00f3n del Per\u00fa (IRTP) y la Junta Nacional de Justicia (JNJ) suscribieron un convenio de cooperaci\u00f3n que permitir\u00e1 difundir informaci\u00f3n acerca del funcionamiento y actividades que se desarrollan en el sistema de justicia, a trav\u00e9s de los programas informativos o especiales que se transmiten por la multiplataforma de citado medio de comunicaci\u00f3n p\u00fablico.<\/p>\n\n\n\n<p class=\"wp-block-paragraph\">El acto protocolar se realiz\u00f3 esta tarde en la sede de la JNJ con la presencia de la titular del IRTP, Cinthia Ram\u00edrez; y la presidenta de la JNJ, Mar\u00eda Teresa Cabrera. En ese marco, la jefa del IRTP indic\u00f3 que los medios p\u00fablicos est\u00e1n al servicio de los ciudadanos, que buscan informaci\u00f3n neutral, imparcial y objetiva sobre diversos temas. A\u00f1adi\u00f3 que las se\u00f1ales de TVPer\u00fa y Radio Nacional llegan a todas las regiones. \u201cEs importante que la poblaci\u00f3n conozca las funciones de la Junta Nacional de Justicia\u201d, enfatiz\u00f3.<\/p>\n\n\n\n<p class=\"wp-block-paragraph\">Adem\u00e1s, dijo que su instituci\u00f3n cuenta con especialistas en lengua de se\u00f1as y en lenguas originarias, \u201cporque como medio p\u00fablico promovemos la inclusi\u00f3n, buscando llegar a todas las poblaciones vulnerables\u201d.<\/p>\n\n\n\n<p class=\"wp-block-paragraph\">A su turno, la presidenta de la JNJ expres\u00f3 que este acuerdo constituye una herramienta estrat\u00e9gica para fortalecer la comunicaci\u00f3n institucional y acercar el sistema de justicia a la ciudadan\u00eda mediante el uso de los medios de comunicaci\u00f3n p\u00fablicos. En ese sentido, destac\u00f3 la labor informativa que realiza TVPer\u00fa y Radio Nacional a favor de todos los peruanos.<\/p>\n","protected":false},"excerpt":{"rendered":"<p>Dicho medio de comunicaci\u00f3n firm\u00f3 un convenio de cooperaci\u00f3n con la Junta Nacional de Justicia. El Instituto Nacional de Radio y Televisi\u00f3n del Per\u00fa (IRTP) y la Junta Nacional de Justicia (JNJ) suscribieron un convenio de cooperaci\u00f3n que permitir\u00e1 difundir informaci\u00f3n acerca del funcionamiento y actividades que se desarrollan en el sistema de justicia, a [&hellip;]<\/p>\n","protected":false},"author":1,"featured_media":237124,"comment_status":"open","ping_status":"open","sticky":false,"template":"","format":"standard","meta":{"footnotes":""},"categories":[72,85,90],"tags":[2657,8392,5771,8393,7614,8395,8394,1334],"class_list":["post-237123","post","type-post","status-publish","format-standard","has-post-thumbnail","hentry","category-cultural","category-radio","category-television","tag-actividades","tag-contenidos","tag-difundira","tag-funcionamiento","tag-instituto-nacional-de-radio-y-television-del-peru-irtp-2","tag-junta-nacional-de-justicia","tag-sistema-de-justicia","tag-sobre"],"_links":{"self":[{"href":"https:\/\/ernestojerardo.com\/index.php\/wp-json\/wp\/v2\/posts\/237123","targetHints":{"allow":["GET"]}}],"collection":[{"href":"https:\/\/ernestojerardo.com\/index.php\/wp-json\/wp\/v2\/posts"}],"about":[{"href":"https:\/\/ernestojerardo.com\/index.php\/wp-json\/wp\/v2\/types\/post"}],"author":[{"embeddable":true,"href":"https:\/\/ernestojerardo.com\/index.php\/wp-json\/wp\/v2\/users\/1"}],"replies":[{"embeddable":true,"href":"https:\/\/ernestojerardo.com\/index.php\/wp-json\/wp\/v2\/comments?post=237123"}],"version-history":[{"count":1,"href":"https:\/\/ernestojerardo.com\/index.php\/wp-json\/wp\/v2\/posts\/237123\/revisions"}],"predecessor-version":[{"id":237125,"href":"https:\/\/ernestojerardo.com\/index.php\/wp-json\/wp\/v2\/posts\/237123\/revisions\/237125"}],"wp:featuredmedia":[{"embeddable":true,"href":"https:\/\/ernestojerardo.com\/index.php\/wp-json\/wp\/v2\/media\/237124"}],"wp:attachment":[{"href":"https:\/\/ernestojerardo.com\/index.php\/wp-json\/wp\/v2\/media?parent=237123"}],"wp:term":[{"taxonomy":"category","embeddable":true,"href":"https:\/\/ernestojerardo.com\/index.php\/wp-json\/wp\/v2\/categories?post=237123"},{"taxonomy":"post_tag","embeddable":true,"href":"https:\/\/ernestojerardo.com\/index.php\/wp-json\/wp\/v2\/tags?post=237123"}],"curies":[{"name":"wp","href":"https:\/\/api.w.org\/{rel}","templated":true}]}}